{"id":2327,"date":"2026-04-24T17:29:29","date_gmt":"2026-04-24T15:29:29","guid":{"rendered":"https:\/\/www.lafreheloise.bzh\/?p=2327"},"modified":"2026-04-24T17:29:31","modified_gmt":"2026-04-24T15:29:31","slug":"du-nouveau-cote-production-une-laveuse-de-futs-fait-son-entree","status":"publish","type":"post","link":"https:\/\/www.lafreheloise.bzh\/en\/2026\/04\/24\/du-nouveau-cote-production-une-laveuse-de-futs-fait-son-entree\/","title":{"rendered":"Du nouveau c\u00f4t\u00e9 production : une laveuse de f\u00fbts fait son entr\u00e9e\u00a0!"},"content":{"rendered":"<h2 class=\"wp-block-heading\">Notre nouvelle laveuse de F\u00fbts<\/h2>\n\n\n\n<p class=\"has-text-align-left\">\u00c0 la brasserie, on aime faire \u00e9voluer nos m\u00e9thodes tout en restant fid\u00e8les \u00e0 ce qui compte vraiment : la qualit\u00e9 de nos bi\u00e8res. Aujourd\u2019hui, on vous partage une nouveaut\u00e9 importante, mais souvent invisible pour le consommateur\u2026 et pourtant essentielle : l\u2019arriv\u00e9e de notre <strong>laveuse de f\u00fbts<\/strong>.<\/p>\n\n\n\n<figure class=\"wp-block-image aligncenter size-large is-resized\"><img fetchpriority=\"high\" decoding=\"async\" width=\"768\" height=\"1024\" src=\"https:\/\/www.lafreheloise.bzh\/wp-content\/uploads\/2026\/04\/Laveuse-de-fut-la-freheloise-768x1024.jpg\" alt=\"Laveuse de fut la fr\u00e9heloise\" class=\"wp-image-2329\" style=\"aspect-ratio:1;object-fit:cover;width:575px;height:auto\" srcset=\"https:\/\/www.lafreheloise.bzh\/wp-content\/uploads\/2026\/04\/Laveuse-de-fut-la-freheloise-768x1024.jpg 768w, https:\/\/www.lafreheloise.bzh\/wp-content\/uploads\/2026\/04\/Laveuse-de-fut-la-freheloise-225x300.jpg 225w, https:\/\/www.lafreheloise.bzh\/wp-content\/uploads\/2026\/04\/Laveuse-de-fut-la-freheloise-1152x1536.jpg 1152w, https:\/\/www.lafreheloise.bzh\/wp-content\/uploads\/2026\/04\/Laveuse-de-fut-la-freheloise-1536x2048.jpg 1536w, https:\/\/www.lafreheloise.bzh\/wp-content\/uploads\/2026\/04\/Laveuse-de-fut-la-freheloise-9x12.jpg 9w, https:\/\/www.lafreheloise.bzh\/wp-content\/uploads\/2026\/04\/Laveuse-de-fut-la-freheloise-1320x1760.jpg 1320w, https:\/\/www.lafreheloise.bzh\/wp-content\/uploads\/2026\/04\/Laveuse-de-fut-la-freheloise-600x800.jpg 600w, https:\/\/www.lafreheloise.bzh\/wp-content\/uploads\/2026\/04\/Laveuse-de-fut-la-freheloise-scaled.jpg 1920w\" sizes=\"(max-width: 768px) 100vw, 768px\" \/><\/figure>\n\n\n\n<h3 class=\"wp-block-heading\">Un d\u00e9tail technique pas si anodin<\/h3>\n\n\n\n<p>Derri\u00e8re chaque f\u00fbt de bi\u00e8re se cache une \u00e9tape cl\u00e9 : le nettoyage. Avant d\u2019\u00eatre rempli \u00e0 nouveau, un f\u00fbt doit \u00eatre parfaitement propre, sans r\u00e9sidu ni contamination possible. C\u2019est une \u00e9tape discr\u00e8te, mais d\u00e9terminante pour garantir une bi\u00e8re fid\u00e8le \u00e0 son go\u00fbt d\u2019origine.<\/p>\n\n\n\n<p>Avec cette nouvelle machine, on am\u00e9liore nettement ce processus. Plus pr\u00e9cise et plus r\u00e9guli\u00e8re, elle nous permet d\u2019assurer un nettoyage optimal, f\u00fbt apr\u00e8s f\u00fbt, sans compromis.<\/p>\n\n\n\n<p>Gr\u00e2ce \u00e0 cette nouvelle laveuse de f\u00fbts, notre brasseur gagne un temps pr\u00e9cieux qu\u2019il pourra d\u00e9sormais consacrer \u00e0 vous accueillir pour des visites et des ateliers. Une belle occasion de plonger dans notre univers, alors pensez \u00e0 r\u00e9server votre cr\u00e9neau !<\/p>\n\n\n\n<p><\/p>\n\n\n\n<div class=\"wp-block-buttons is-content-justification-center is-layout-flex wp-container-core-buttons-is-layout-a89b3969 wp-block-buttons-is-layout-flex\">\n<div class=\"wp-block-button\"><a class=\"wp-block-button__link has-white-color has-text-color has-link-color wp-element-button\" href=\"https:\/\/www.lafreheloise.bzh\/en\/visiter-la-brasserie\/\">Venez visiter la brasserie<\/a><\/div>\n<\/div>\n\n\n\n<p><\/p>\n\n\n\n<p><\/p>\n\n\n\n<figure class=\"wp-block-image aligncenter size-large is-resized\"><img decoding=\"async\" width=\"768\" height=\"1024\" data-src=\"https:\/\/www.lafreheloise.bzh\/wp-content\/uploads\/2026\/04\/Laveuse-de-fut-brasserie-768x1024.jpg\" alt=\"Laveuse de fut la fr\u00e9heloise\" class=\"wp-image-2330 lazyload\" style=\"--smush-placeholder-width: 768px; --smush-placeholder-aspect-ratio: 768\/1024;aspect-ratio:1;object-fit:cover;width:562px;height:auto\" data-srcset=\"https:\/\/www.lafreheloise.bzh\/wp-content\/uploads\/2026\/04\/Laveuse-de-fut-brasserie-768x1024.jpg 768w, https:\/\/www.lafreheloise.bzh\/wp-content\/uploads\/2026\/04\/Laveuse-de-fut-brasserie-225x300.jpg 225w, https:\/\/www.lafreheloise.bzh\/wp-content\/uploads\/2026\/04\/Laveuse-de-fut-brasserie-1152x1536.jpg 1152w, https:\/\/www.lafreheloise.bzh\/wp-content\/uploads\/2026\/04\/Laveuse-de-fut-brasserie-1536x2048.jpg 1536w, https:\/\/www.lafreheloise.bzh\/wp-content\/uploads\/2026\/04\/Laveuse-de-fut-brasserie-9x12.jpg 9w, https:\/\/www.lafreheloise.bzh\/wp-content\/uploads\/2026\/04\/Laveuse-de-fut-brasserie-1320x1760.jpg 1320w, https:\/\/www.lafreheloise.bzh\/wp-content\/uploads\/2026\/04\/Laveuse-de-fut-brasserie-600x800.jpg 600w, https:\/\/www.lafreheloise.bzh\/wp-content\/uploads\/2026\/04\/Laveuse-de-fut-brasserie-scaled.jpg 1920w\" data-sizes=\"(max-width: 768px) 100vw, 768px\" src=\"data:image\/svg+xml;base64,PHN2ZyB3aWR0aD0iMSIgaGVpZ2h0PSIxIiB4bWxucz0iaHR0cDovL3d3dy53My5vcmcvMjAwMC9zdmciPjwvc3ZnPg==\" \/><\/figure>\n\n\n\n<h3 class=\"wp-block-heading\">Une \u00e9volution dans la continuit\u00e9<\/h3>\n\n\n\n<p>Pas de r\u00e9volution visible dans votre verre, mais une \u00e9volution en coulisses qui fait toute la diff\u00e9rence. Ce type d\u2019investissement nous permet de progresser en continu et de proposer un produit toujours plus qualitatif.<\/p>\n\n\n\n<p>On continue d\u2019avancer, toujours avec la m\u00eame id\u00e9e en t\u00eate : vous proposer des bi\u00e8res sinc\u00e8res, bien faites, et ma\u00eetris\u00e9es de bout en bout.<\/p>\n\n\n\n<p>Si le sujet vous intrigue, on sera toujours ravis d\u2019en discuter avec vous directement \u00e0 la brasserie<\/p>","protected":false},"excerpt":{"rendered":"<p>\u00c0 la brasserie, on aime faire \u00e9voluer nos m\u00e9thodes tout en restant fid\u00e8les \u00e0 ce qui compte vraiment : la qualit\u00e9 de nos bi\u00e8res. Aujourd\u2019hui, on vous partage une nouveaut\u00e9 importante, mais souvent invisible pour le consommateur\u2026 et pourtant essentielle : l\u2019arriv\u00e9e de notre laveuse de f\u00fbts.<\/p>","protected":false},"author":7,"featured_media":2331,"comment_status":"open","ping_status":"open","sticky":false,"template":"","format":"standard","meta":{"jetpack_post_was_ever_published":false,"_jetpack_newsletter_access":"","_jetpack_dont_email_post_to_subs":false,"_jetpack_newsletter_tier_id":0,"_jetpack_memberships_contains_paywalled_content":false,"_jetpack_memberships_contains_paid_content":false,"footnotes":""},"categories":[1],"tags":[63,61,45,62],"class_list":["post-2327","post","type-post","status-publish","format-standard","has-post-thumbnail","hentry","category-uncategorized","tag-artisanale","tag-brasserie","tag-bretagne","tag-frehel-2"],"yoast_head":"<!-- This site is optimized with the Yoast SEO plugin v26.6 - https:\/\/yoast.com\/wordpress\/plugins\/seo\/ -->\n<title>Du nouveau c\u00f4t\u00e9 production : une laveuse de f\u00fbts fait son entr\u00e9e\u00a0! - La Fr\u00e9heloise, micro-brasserie artisanale en C\u00f4tes d&#039;Armor, produisant des bi\u00e8res bretonnes en Bretagne Nord<\/title>\n<meta name=\"robots\" content=\"index, follow, max-snippet:-1, max-image-preview:large, max-video-preview:-1\" \/>\n<link rel=\"canonical\" href=\"https:\/\/www.lafreheloise.bzh\/en\/2026\/04\/24\/du-nouveau-cote-production-une-laveuse-de-futs-fait-son-entree\/\" \/>\n<meta property=\"og:locale\" content=\"en_GB\" \/>\n<meta property=\"og:type\" content=\"article\" \/>\n<meta property=\"og:title\" content=\"Du nouveau c\u00f4t\u00e9 production : une laveuse de f\u00fbts fait son entr\u00e9e\u00a0! - La Fr\u00e9heloise, micro-brasserie artisanale en C\u00f4tes d&#039;Armor, produisant des bi\u00e8res bretonnes en Bretagne Nord\" \/>\n<meta property=\"og:description\" content=\"\u00c0 la brasserie, on aime faire \u00e9voluer nos m\u00e9thodes tout en restant fid\u00e8les \u00e0 ce qui compte vraiment : la qualit\u00e9 de nos bi\u00e8res. Aujourd\u2019hui, on vous partage une nouveaut\u00e9 importante, mais souvent invisible pour le consommateur\u2026 et pourtant essentielle : l\u2019arriv\u00e9e de notre laveuse de f\u00fbts.\" \/>\n<meta property=\"og:url\" content=\"https:\/\/www.lafreheloise.bzh\/en\/2026\/04\/24\/du-nouveau-cote-production-une-laveuse-de-futs-fait-son-entree\/\" \/>\n<meta property=\"og:site_name\" content=\"La Fr\u00e9heloise, micro-brasserie artisanale en C\u00f4tes d&#039;Armor, produisant des bi\u00e8res bretonnes en Bretagne Nord\" \/>\n<meta property=\"article:publisher\" content=\"https:\/\/www.facebook.com\/Bieres-Frehel\" \/>\n<meta property=\"article:published_time\" content=\"2026-04-24T15:29:29+00:00\" \/>\n<meta property=\"article:modified_time\" content=\"2026-04-24T15:29:31+00:00\" \/>\n<meta property=\"og:image\" content=\"https:\/\/www.lafreheloise.bzh\/wp-content\/uploads\/2026\/04\/Laveuse-de-fut-la-freheloise-1-scaled.jpg\" \/>\n\t<meta property=\"og:image:width\" content=\"1920\" \/>\n\t<meta property=\"og:image:height\" content=\"2560\" \/>\n\t<meta property=\"og:image:type\" content=\"image\/jpeg\" \/>\n<meta name=\"author\" content=\"Titouan Raynal\" \/>\n<meta name=\"twitter:card\" content=\"summary_large_image\" \/>\n<meta name=\"twitter:label1\" content=\"Written by\" \/>\n\t<meta name=\"twitter:data1\" content=\"Titouan Raynal\" \/>\n\t<meta name=\"twitter:label2\" content=\"Estimated reading time\" \/>\n\t<meta name=\"twitter:data2\" content=\"2 minutes\" \/>\n<script type=\"application\/ld+json\" class=\"yoast-schema-graph\">{\"@context\":\"https:\/\/schema.org\",\"@graph\":[{\"@type\":\"Article\",\"@id\":\"https:\/\/www.lafreheloise.bzh\/2026\/04\/24\/du-nouveau-cote-production-une-laveuse-de-futs-fait-son-entree\/#article\",\"isPartOf\":{\"@id\":\"https:\/\/www.lafreheloise.bzh\/2026\/04\/24\/du-nouveau-cote-production-une-laveuse-de-futs-fait-son-entree\/\"},\"author\":{\"name\":\"Titouan Raynal\",\"@id\":\"https:\/\/www.lafreheloise.bzh\/#\/schema\/person\/ac839969f9dc327757edc377978fe95d\"},\"headline\":\"Du nouveau c\u00f4t\u00e9 production : une laveuse de f\u00fbts fait son entr\u00e9e\u00a0!\",\"datePublished\":\"2026-04-24T15:29:29+00:00\",\"dateModified\":\"2026-04-24T15:29:31+00:00\",\"mainEntityOfPage\":{\"@id\":\"https:\/\/www.lafreheloise.bzh\/2026\/04\/24\/du-nouveau-cote-production-une-laveuse-de-futs-fait-son-entree\/\"},\"wordCount\":303,\"commentCount\":0,\"publisher\":{\"@id\":\"https:\/\/www.lafreheloise.bzh\/#organization\"},\"image\":{\"@id\":\"https:\/\/www.lafreheloise.bzh\/2026\/04\/24\/du-nouveau-cote-production-une-laveuse-de-futs-fait-son-entree\/#primaryimage\"},\"thumbnailUrl\":\"https:\/\/www.lafreheloise.bzh\/wp-content\/uploads\/2026\/04\/Laveuse-de-fut-la-freheloise-1-scaled.jpg\",\"keywords\":[\"Artisanale\",\"Brasserie\",\"Bretagne\",\"Fr\u00e9hel\"],\"articleSection\":[\"Uncategorized\"],\"inLanguage\":\"en-GB\",\"potentialAction\":[{\"@type\":\"CommentAction\",\"name\":\"Comment\",\"target\":[\"https:\/\/www.lafreheloise.bzh\/2026\/04\/24\/du-nouveau-cote-production-une-laveuse-de-futs-fait-son-entree\/#respond\"]}]},{\"@type\":\"WebPage\",\"@id\":\"https:\/\/www.lafreheloise.bzh\/2026\/04\/24\/du-nouveau-cote-production-une-laveuse-de-futs-fait-son-entree\/\",\"url\":\"https:\/\/www.lafreheloise.bzh\/2026\/04\/24\/du-nouveau-cote-production-une-laveuse-de-futs-fait-son-entree\/\",\"name\":\"Du nouveau c\u00f4t\u00e9 production : une laveuse de f\u00fbts fait son entr\u00e9e\u00a0! - La Fr\u00e9heloise, micro-brasserie artisanale en C\u00f4tes d&#039;Armor, produisant des bi\u00e8res bretonnes en Bretagne Nord\",\"isPartOf\":{\"@id\":\"https:\/\/www.lafreheloise.bzh\/#website\"},\"primaryImageOfPage\":{\"@id\":\"https:\/\/www.lafreheloise.bzh\/2026\/04\/24\/du-nouveau-cote-production-une-laveuse-de-futs-fait-son-entree\/#primaryimage\"},\"image\":{\"@id\":\"https:\/\/www.lafreheloise.bzh\/2026\/04\/24\/du-nouveau-cote-production-une-laveuse-de-futs-fait-son-entree\/#primaryimage\"},\"thumbnailUrl\":\"https:\/\/www.lafreheloise.bzh\/wp-content\/uploads\/2026\/04\/Laveuse-de-fut-la-freheloise-1-scaled.jpg\",\"datePublished\":\"2026-04-24T15:29:29+00:00\",\"dateModified\":\"2026-04-24T15:29:31+00:00\",\"breadcrumb\":{\"@id\":\"https:\/\/www.lafreheloise.bzh\/2026\/04\/24\/du-nouveau-cote-production-une-laveuse-de-futs-fait-son-entree\/#breadcrumb\"},\"inLanguage\":\"en-GB\",\"potentialAction\":[{\"@type\":\"ReadAction\",\"target\":[\"https:\/\/www.lafreheloise.bzh\/2026\/04\/24\/du-nouveau-cote-production-une-laveuse-de-futs-fait-son-entree\/\"]}]},{\"@type\":\"ImageObject\",\"inLanguage\":\"en-GB\",\"@id\":\"https:\/\/www.lafreheloise.bzh\/2026\/04\/24\/du-nouveau-cote-production-une-laveuse-de-futs-fait-son-entree\/#primaryimage\",\"url\":\"https:\/\/www.lafreheloise.bzh\/wp-content\/uploads\/2026\/04\/Laveuse-de-fut-la-freheloise-1-scaled.jpg\",\"contentUrl\":\"https:\/\/www.lafreheloise.bzh\/wp-content\/uploads\/2026\/04\/Laveuse-de-fut-la-freheloise-1-scaled.jpg\",\"width\":1920,\"height\":2560,\"caption\":\"Laveuse de fut pour la brasserie la fr\u00e9heloise\"},{\"@type\":\"BreadcrumbList\",\"@id\":\"https:\/\/www.lafreheloise.bzh\/2026\/04\/24\/du-nouveau-cote-production-une-laveuse-de-futs-fait-son-entree\/#breadcrumb\",\"itemListElement\":[{\"@type\":\"ListItem\",\"position\":1,\"name\":\"Accueil\",\"item\":\"https:\/\/www.lafreheloise.bzh\/\"},{\"@type\":\"ListItem\",\"position\":2,\"name\":\"Du nouveau c\u00f4t\u00e9 production : une laveuse de f\u00fbts fait son entr\u00e9e\u00a0!\"}]},{\"@type\":\"WebSite\",\"@id\":\"https:\/\/www.lafreheloise.bzh\/#website\",\"url\":\"https:\/\/www.lafreheloise.bzh\/\",\"name\":\"La Fr\u00e9heloise, brasserie entre C\u00f4te d'Emeraude et C\u00f4te de Penthi\u00e8vre\",\"description\":\"La Fr\u00e9heloise, micro-brasserie artisanale en C\u00f4tes d&#039;Armor, produisant des bi\u00e8res bretonnes en Bretagne Nord\",\"publisher\":{\"@id\":\"https:\/\/www.lafreheloise.bzh\/#organization\"},\"potentialAction\":[{\"@type\":\"SearchAction\",\"target\":{\"@type\":\"EntryPoint\",\"urlTemplate\":\"https:\/\/www.lafreheloise.bzh\/?s={search_term_string}\"},\"query-input\":{\"@type\":\"PropertyValueSpecification\",\"valueRequired\":true,\"valueName\":\"search_term_string\"}}],\"inLanguage\":\"en-GB\"},{\"@type\":\"Organization\",\"@id\":\"https:\/\/www.lafreheloise.bzh\/#organization\",\"name\":\"La Fr\u00e9heloise, brasserie entre C\u00f4te d'Emeraude et C\u00f4te de Penthi\u00e8vre\",\"url\":\"https:\/\/www.lafreheloise.bzh\/\",\"logo\":{\"@type\":\"ImageObject\",\"inLanguage\":\"en-GB\",\"@id\":\"https:\/\/www.lafreheloise.bzh\/#\/schema\/logo\/image\/\",\"url\":\"https:\/\/www.lafreheloise.bzh\/wp-content\/uploads\/2021\/12\/Capture-de\u0301cran-2021-12-01-a\u0300-16.52.45-1024x622-2-1.png\",\"contentUrl\":\"https:\/\/www.lafreheloise.bzh\/wp-content\/uploads\/2021\/12\/Capture-de\u0301cran-2021-12-01-a\u0300-16.52.45-1024x622-2-1.png\",\"width\":1024,\"height\":622,\"caption\":\"La Fr\u00e9heloise, brasserie entre C\u00f4te d'Emeraude et C\u00f4te de Penthi\u00e8vre\"},\"image\":{\"@id\":\"https:\/\/www.lafreheloise.bzh\/#\/schema\/logo\/image\/\"},\"sameAs\":[\"https:\/\/www.facebook.com\/Bieres-Frehel\",\"https:\/\/www.instagram.com\/lafreheloise\/\"]},{\"@type\":\"Person\",\"@id\":\"https:\/\/www.lafreheloise.bzh\/#\/schema\/person\/ac839969f9dc327757edc377978fe95d\",\"name\":\"Titouan Raynal\",\"image\":{\"@type\":\"ImageObject\",\"inLanguage\":\"en-GB\",\"@id\":\"https:\/\/www.lafreheloise.bzh\/#\/schema\/person\/image\/\",\"url\":\"https:\/\/secure.gravatar.com\/avatar\/e959002b4bf765c6354573ddf80f07f9dd6504588f9479e06bdeacf50a98a6da?s=96&d=mm&r=g\",\"contentUrl\":\"https:\/\/secure.gravatar.com\/avatar\/e959002b4bf765c6354573ddf80f07f9dd6504588f9479e06bdeacf50a98a6da?s=96&d=mm&r=g\",\"caption\":\"Titouan Raynal\"},\"url\":\"https:\/\/www.lafreheloise.bzh\/en\/author\/titouanlafreheloise\/\"}]}<\/script>\n<!-- \/ Yoast SEO plugin. -->","yoast_head_json":{"title":"Du nouveau c\u00f4t\u00e9 production : une laveuse de f\u00fbts fait son entr\u00e9e\u00a0! - La Fr\u00e9heloise, micro-brasserie artisanale en C\u00f4tes d&#039;Armor, produisant des bi\u00e8res bretonnes en Bretagne Nord","robots":{"index":"index","follow":"follow","max-snippet":"max-snippet:-1","max-image-preview":"max-image-preview:large","max-video-preview":"max-video-preview:-1"},"canonical":"https:\/\/www.lafreheloise.bzh\/en\/2026\/04\/24\/du-nouveau-cote-production-une-laveuse-de-futs-fait-son-entree\/","og_locale":"en_GB","og_type":"article","og_title":"Du nouveau c\u00f4t\u00e9 production : une laveuse de f\u00fbts fait son entr\u00e9e\u00a0! - La Fr\u00e9heloise, micro-brasserie artisanale en C\u00f4tes d&#039;Armor, produisant des bi\u00e8res bretonnes en Bretagne Nord","og_description":"\u00c0 la brasserie, on aime faire \u00e9voluer nos m\u00e9thodes tout en restant fid\u00e8les \u00e0 ce qui compte vraiment : la qualit\u00e9 de nos bi\u00e8res. Aujourd\u2019hui, on vous partage une nouveaut\u00e9 importante, mais souvent invisible pour le consommateur\u2026 et pourtant essentielle : l\u2019arriv\u00e9e de notre laveuse de f\u00fbts.","og_url":"https:\/\/www.lafreheloise.bzh\/en\/2026\/04\/24\/du-nouveau-cote-production-une-laveuse-de-futs-fait-son-entree\/","og_site_name":"La Fr\u00e9heloise, micro-brasserie artisanale en C\u00f4tes d&#039;Armor, produisant des bi\u00e8res bretonnes en Bretagne Nord","article_publisher":"https:\/\/www.facebook.com\/Bieres-Frehel","article_published_time":"2026-04-24T15:29:29+00:00","article_modified_time":"2026-04-24T15:29:31+00:00","og_image":[{"width":1920,"height":2560,"url":"https:\/\/www.lafreheloise.bzh\/wp-content\/uploads\/2026\/04\/Laveuse-de-fut-la-freheloise-1-scaled.jpg","type":"image\/jpeg"}],"author":"Titouan Raynal","twitter_card":"summary_large_image","twitter_misc":{"Written by":"Titouan Raynal","Estimated reading time":"2 minutes"},"schema":{"@context":"https:\/\/schema.org","@graph":[{"@type":"Article","@id":"https:\/\/www.lafreheloise.bzh\/2026\/04\/24\/du-nouveau-cote-production-une-laveuse-de-futs-fait-son-entree\/#article","isPartOf":{"@id":"https:\/\/www.lafreheloise.bzh\/2026\/04\/24\/du-nouveau-cote-production-une-laveuse-de-futs-fait-son-entree\/"},"author":{"name":"Titouan Raynal","@id":"https:\/\/www.lafreheloise.bzh\/#\/schema\/person\/ac839969f9dc327757edc377978fe95d"},"headline":"Du nouveau c\u00f4t\u00e9 production : une laveuse de f\u00fbts fait son entr\u00e9e\u00a0!","datePublished":"2026-04-24T15:29:29+00:00","dateModified":"2026-04-24T15:29:31+00:00","mainEntityOfPage":{"@id":"https:\/\/www.lafreheloise.bzh\/2026\/04\/24\/du-nouveau-cote-production-une-laveuse-de-futs-fait-son-entree\/"},"wordCount":303,"commentCount":0,"publisher":{"@id":"https:\/\/www.lafreheloise.bzh\/#organization"},"image":{"@id":"https:\/\/www.lafreheloise.bzh\/2026\/04\/24\/du-nouveau-cote-production-une-laveuse-de-futs-fait-son-entree\/#primaryimage"},"thumbnailUrl":"https:\/\/www.lafreheloise.bzh\/wp-content\/uploads\/2026\/04\/Laveuse-de-fut-la-freheloise-1-scaled.jpg","keywords":["Artisanale","Brasserie","Bretagne","Fr\u00e9hel"],"articleSection":["Uncategorized"],"inLanguage":"en-GB","potentialAction":[{"@type":"CommentAction","name":"Comment","target":["https:\/\/www.lafreheloise.bzh\/2026\/04\/24\/du-nouveau-cote-production-une-laveuse-de-futs-fait-son-entree\/#respond"]}]},{"@type":"WebPage","@id":"https:\/\/www.lafreheloise.bzh\/2026\/04\/24\/du-nouveau-cote-production-une-laveuse-de-futs-fait-son-entree\/","url":"https:\/\/www.lafreheloise.bzh\/2026\/04\/24\/du-nouveau-cote-production-une-laveuse-de-futs-fait-son-entree\/","name":"Du nouveau c\u00f4t\u00e9 production : une laveuse de f\u00fbts fait son entr\u00e9e\u00a0! - La Fr\u00e9heloise, micro-brasserie artisanale en C\u00f4tes d&#039;Armor, produisant des bi\u00e8res bretonnes en Bretagne Nord","isPartOf":{"@id":"https:\/\/www.lafreheloise.bzh\/#website"},"primaryImageOfPage":{"@id":"https:\/\/www.lafreheloise.bzh\/2026\/04\/24\/du-nouveau-cote-production-une-laveuse-de-futs-fait-son-entree\/#primaryimage"},"image":{"@id":"https:\/\/www.lafreheloise.bzh\/2026\/04\/24\/du-nouveau-cote-production-une-laveuse-de-futs-fait-son-entree\/#primaryimage"},"thumbnailUrl":"https:\/\/www.lafreheloise.bzh\/wp-content\/uploads\/2026\/04\/Laveuse-de-fut-la-freheloise-1-scaled.jpg","datePublished":"2026-04-24T15:29:29+00:00","dateModified":"2026-04-24T15:29:31+00:00","breadcrumb":{"@id":"https:\/\/www.lafreheloise.bzh\/2026\/04\/24\/du-nouveau-cote-production-une-laveuse-de-futs-fait-son-entree\/#breadcrumb"},"inLanguage":"en-GB","potentialAction":[{"@type":"ReadAction","target":["https:\/\/www.lafreheloise.bzh\/2026\/04\/24\/du-nouveau-cote-production-une-laveuse-de-futs-fait-son-entree\/"]}]},{"@type":"ImageObject","inLanguage":"en-GB","@id":"https:\/\/www.lafreheloise.bzh\/2026\/04\/24\/du-nouveau-cote-production-une-laveuse-de-futs-fait-son-entree\/#primaryimage","url":"https:\/\/www.lafreheloise.bzh\/wp-content\/uploads\/2026\/04\/Laveuse-de-fut-la-freheloise-1-scaled.jpg","contentUrl":"https:\/\/www.lafreheloise.bzh\/wp-content\/uploads\/2026\/04\/Laveuse-de-fut-la-freheloise-1-scaled.jpg","width":1920,"height":2560,"caption":"Laveuse de fut pour la brasserie la fr\u00e9heloise"},{"@type":"BreadcrumbList","@id":"https:\/\/www.lafreheloise.bzh\/2026\/04\/24\/du-nouveau-cote-production-une-laveuse-de-futs-fait-son-entree\/#breadcrumb","itemListElement":[{"@type":"ListItem","position":1,"name":"Accueil","item":"https:\/\/www.lafreheloise.bzh\/"},{"@type":"ListItem","position":2,"name":"Du nouveau c\u00f4t\u00e9 production : une laveuse de f\u00fbts fait son entr\u00e9e\u00a0!"}]},{"@type":"WebSite","@id":"https:\/\/www.lafreheloise.bzh\/#website","url":"https:\/\/www.lafreheloise.bzh\/","name":"La Fr\u00e9heloise, brasserie entre C\u00f4te d'Emeraude et C\u00f4te de Penthi\u00e8vre","description":"La Fr\u00e9heloise, micro-brasserie artisanale en C\u00f4tes d&#039;Armor, produisant des bi\u00e8res bretonnes en Bretagne Nord","publisher":{"@id":"https:\/\/www.lafreheloise.bzh\/#organization"},"potentialAction":[{"@type":"SearchAction","target":{"@type":"EntryPoint","urlTemplate":"https:\/\/www.lafreheloise.bzh\/?s={search_term_string}"},"query-input":{"@type":"PropertyValueSpecification","valueRequired":true,"valueName":"search_term_string"}}],"inLanguage":"en-GB"},{"@type":"Organization","@id":"https:\/\/www.lafreheloise.bzh\/#organization","name":"La Fr\u00e9heloise, brasserie entre C\u00f4te d'Emeraude et C\u00f4te de Penthi\u00e8vre","url":"https:\/\/www.lafreheloise.bzh\/","logo":{"@type":"ImageObject","inLanguage":"en-GB","@id":"https:\/\/www.lafreheloise.bzh\/#\/schema\/logo\/image\/","url":"https:\/\/www.lafreheloise.bzh\/wp-content\/uploads\/2021\/12\/Capture-de\u0301cran-2021-12-01-a\u0300-16.52.45-1024x622-2-1.png","contentUrl":"https:\/\/www.lafreheloise.bzh\/wp-content\/uploads\/2021\/12\/Capture-de\u0301cran-2021-12-01-a\u0300-16.52.45-1024x622-2-1.png","width":1024,"height":622,"caption":"La Fr\u00e9heloise, brasserie entre C\u00f4te d'Emeraude et C\u00f4te de Penthi\u00e8vre"},"image":{"@id":"https:\/\/www.lafreheloise.bzh\/#\/schema\/logo\/image\/"},"sameAs":["https:\/\/www.facebook.com\/Bieres-Frehel","https:\/\/www.instagram.com\/lafreheloise\/"]},{"@type":"Person","@id":"https:\/\/www.lafreheloise.bzh\/#\/schema\/person\/ac839969f9dc327757edc377978fe95d","name":"Titouan Raynal","image":{"@type":"ImageObject","inLanguage":"en-GB","@id":"https:\/\/www.lafreheloise.bzh\/#\/schema\/person\/image\/","url":"https:\/\/secure.gravatar.com\/avatar\/e959002b4bf765c6354573ddf80f07f9dd6504588f9479e06bdeacf50a98a6da?s=96&d=mm&r=g","contentUrl":"https:\/\/secure.gravatar.com\/avatar\/e959002b4bf765c6354573ddf80f07f9dd6504588f9479e06bdeacf50a98a6da?s=96&d=mm&r=g","caption":"Titouan Raynal"},"url":"https:\/\/www.lafreheloise.bzh\/en\/author\/titouanlafreheloise\/"}]}},"jetpack_featured_media_url":"https:\/\/www.lafreheloise.bzh\/wp-content\/uploads\/2026\/04\/Laveuse-de-fut-la-freheloise-1-scaled.jpg","jetpack_sharing_enabled":true,"_links":{"self":[{"href":"https:\/\/www.lafreheloise.bzh\/en\/wp-json\/wp\/v2\/posts\/2327","targetHints":{"allow":["GET"]}}],"collection":[{"href":"https:\/\/www.lafreheloise.bzh\/en\/wp-json\/wp\/v2\/posts"}],"about":[{"href":"https:\/\/www.lafreheloise.bzh\/en\/wp-json\/wp\/v2\/types\/post"}],"author":[{"embeddable":true,"href":"https:\/\/www.lafreheloise.bzh\/en\/wp-json\/wp\/v2\/users\/7"}],"replies":[{"embeddable":true,"href":"https:\/\/www.lafreheloise.bzh\/en\/wp-json\/wp\/v2\/comments?post=2327"}],"version-history":[{"count":5,"href":"https:\/\/www.lafreheloise.bzh\/en\/wp-json\/wp\/v2\/posts\/2327\/revisions"}],"predecessor-version":[{"id":2336,"href":"https:\/\/www.lafreheloise.bzh\/en\/wp-json\/wp\/v2\/posts\/2327\/revisions\/2336"}],"wp:featuredmedia":[{"embeddable":true,"href":"https:\/\/www.lafreheloise.bzh\/en\/wp-json\/wp\/v2\/media\/2331"}],"wp:attachment":[{"href":"https:\/\/www.lafreheloise.bzh\/en\/wp-json\/wp\/v2\/media?parent=2327"}],"wp:term":[{"taxonomy":"category","embeddable":true,"href":"https:\/\/www.lafreheloise.bzh\/en\/wp-json\/wp\/v2\/categories?post=2327"},{"taxonomy":"post_tag","embeddable":true,"href":"https:\/\/www.lafreheloise.bzh\/en\/wp-json\/wp\/v2\/tags?post=2327"}],"curies":[{"name":"wp","href":"https:\/\/api.w.org\/{rel}","templated":true}]}}