{"id":2056,"date":"2024-11-21T19:47:59","date_gmt":"2024-11-21T17:47:59","guid":{"rendered":"https:\/\/www.lafreheloise.bzh\/?p=2056"},"modified":"2024-11-21T19:48:14","modified_gmt":"2024-11-21T17:48:14","slug":"la-biere-de-noel-est-arrivee","status":"publish","type":"post","link":"https:\/\/www.lafreheloise.bzh\/en\/2024\/11\/21\/la-biere-de-noel-est-arrivee\/","title":{"rendered":"Here is Christmas beer !"},"content":{"rendered":"<p>Every year, it\u2019s tradition, we offer a Christmas beer; round, amber, fruity, spicy, it\u2019s the opportunity for us to create an original recipe!<\/p>\n\n\n\n<p>This year, we are offering a Christmas Beer, amber, delicately flavored with blackberry, not very sweet (alc. 6%). To your taste buds!<\/p>\n\n\n\n<figure class=\"wp-block-image size-large is-resized\"><img fetchpriority=\"high\" decoding=\"async\" width=\"768\" height=\"1024\" src=\"https:\/\/www.lafreheloise.bzh\/wp-content\/uploads\/2024\/11\/biere-noel-2024-768x1024.jpg\" alt=\"\" class=\"wp-image-2057\" style=\"width:540px;height:auto\" srcset=\"https:\/\/www.lafreheloise.bzh\/wp-content\/uploads\/2024\/11\/biere-noel-2024-768x1024.jpg 768w, https:\/\/www.lafreheloise.bzh\/wp-content\/uploads\/2024\/11\/biere-noel-2024-225x300.jpg 225w, https:\/\/www.lafreheloise.bzh\/wp-content\/uploads\/2024\/11\/biere-noel-2024-1152x1536.jpg 1152w, https:\/\/www.lafreheloise.bzh\/wp-content\/uploads\/2024\/11\/biere-noel-2024-9x12.jpg 9w, https:\/\/www.lafreheloise.bzh\/wp-content\/uploads\/2024\/11\/biere-noel-2024-1320x1760.jpg 1320w, https:\/\/www.lafreheloise.bzh\/wp-content\/uploads\/2024\/11\/biere-noel-2024-600x800.jpg 600w, https:\/\/www.lafreheloise.bzh\/wp-content\/uploads\/2024\/11\/biere-noel-2024-rotated.jpg 1512w\" sizes=\"(max-width: 768px) 100vw, 768px\" \/><\/figure>\n\n\n\n<figure class=\"wp-block-embed is-type-video is-provider-youtube wp-block-embed-youtube wp-embed-aspect-16-9 wp-has-aspect-ratio\"><div class=\"wp-block-embed__wrapper\">\n<iframe title=\"Embouteille de la bi\u00e8re de No\u00ebl\" width=\"800\" height=\"450\" data-src=\"https:\/\/www.youtube.com\/embed\/LhWPAuGz0-I?feature=oembed\" frameborder=\"0\" allow=\"accelerometer; autoplay; clipboard-write; encrypted-media; gyroscope; picture-in-picture; web-share\" referrerpolicy=\"strict-origin-when-cross-origin\" allowfullscreen src=\"data:image\/svg+xml;base64,PHN2ZyB3aWR0aD0iMSIgaGVpZ2h0PSIxIiB4bWxucz0iaHR0cDovL3d3dy53My5vcmcvMjAwMC9zdmciPjwvc3ZnPg==\" class=\"lazyload\" data-load-mode=\"1\"><\/iframe>\n<\/div><\/figure>","protected":false},"excerpt":{"rendered":"<p>Chaque ann\u00e9e, c&rsquo;est la tradition, nous proposons une bi\u00e8re No\u00ebl; ronde, ambr\u00e9e, fruit\u00e9e, \u00e9pic\u00e9e, c&rsquo;est l&rsquo;occasion pour nous de cr\u00e9er une recette originale ! Cette ann\u00e9e, nous proposons donc une Bi\u00e8re de No\u00ebl, ambr\u00e9e, d\u00e9licatement aromatis\u00e9e \u00e0 la m\u00fbre, peu sucr\u00e9e (alc. 6%). A vos papilles !<\/p>","protected":false},"author":4,"featured_media":2057,"comment_status":"open","ping_status":"open","sticky":false,"template":"","format":"standard","meta":{"jetpack_post_was_ever_published":false,"_jetpack_newsletter_access":"","_jetpack_dont_email_post_to_subs":true,"_jetpack_newsletter_tier_id":0,"_jetpack_memberships_contains_paywalled_content":false,"_jetpack_memberships_contains_paid_content":false,"footnotes":""},"categories":[1],"tags":[],"class_list":["post-2056","post","type-post","status-publish","format-standard","has-post-thumbnail","hentry","category-uncategorized"],"yoast_head":"<!-- This site is optimized with the Yoast SEO plugin v26.6 - https:\/\/yoast.com\/wordpress\/plugins\/seo\/ -->\n<title>La bi\u00e8re de No\u00ebl est arriv\u00e9e ! - La Fr\u00e9heloise, micro-brasserie artisanale en C\u00f4tes d&#039;Armor, produisant des bi\u00e8res bretonnes en Bretagne Nord<\/title>\n<meta name=\"robots\" content=\"index, follow, max-snippet:-1, max-image-preview:large, max-video-preview:-1\" \/>\n<link rel=\"canonical\" href=\"https:\/\/www.lafreheloise.bzh\/en\/2024\/11\/21\/la-biere-de-noel-est-arrivee\/\" \/>\n<meta property=\"og:locale\" content=\"en_GB\" \/>\n<meta property=\"og:type\" content=\"article\" \/>\n<meta property=\"og:title\" content=\"La bi\u00e8re de No\u00ebl est arriv\u00e9e ! - La Fr\u00e9heloise, micro-brasserie artisanale en C\u00f4tes d&#039;Armor, produisant des bi\u00e8res bretonnes en Bretagne Nord\" \/>\n<meta property=\"og:description\" content=\"Chaque ann\u00e9e, c&rsquo;est la tradition, nous proposons une bi\u00e8re No\u00ebl; ronde, ambr\u00e9e, fruit\u00e9e, \u00e9pic\u00e9e, c&rsquo;est l&rsquo;occasion pour nous de cr\u00e9er une recette originale ! Cette ann\u00e9e, nous proposons donc une Bi\u00e8re de No\u00ebl, ambr\u00e9e, d\u00e9licatement aromatis\u00e9e \u00e0 la m\u00fbre, peu sucr\u00e9e (alc. 6%). A vos papilles !\" \/>\n<meta property=\"og:url\" content=\"https:\/\/www.lafreheloise.bzh\/en\/2024\/11\/21\/la-biere-de-noel-est-arrivee\/\" \/>\n<meta property=\"og:site_name\" content=\"La Fr\u00e9heloise, micro-brasserie artisanale en C\u00f4tes d&#039;Armor, produisant des bi\u00e8res bretonnes en Bretagne Nord\" \/>\n<meta property=\"article:publisher\" content=\"https:\/\/www.facebook.com\/Bieres-Frehel\" \/>\n<meta property=\"article:published_time\" content=\"2024-11-21T17:47:59+00:00\" \/>\n<meta property=\"article:modified_time\" content=\"2024-11-21T17:48:14+00:00\" \/>\n<meta property=\"og:image\" content=\"https:\/\/www.lafreheloise.bzh\/wp-content\/uploads\/2024\/11\/biere-noel-2024-rotated.jpg\" \/>\n\t<meta property=\"og:image:width\" content=\"1512\" \/>\n\t<meta property=\"og:image:height\" content=\"2016\" \/>\n\t<meta property=\"og:image:type\" content=\"image\/jpeg\" \/>\n<meta name=\"author\" content=\"Youenn\" \/>\n<meta name=\"twitter:card\" content=\"summary_large_image\" \/>\n<meta name=\"twitter:label1\" content=\"Written by\" \/>\n\t<meta name=\"twitter:data1\" content=\"Youenn\" \/>\n\t<meta name=\"twitter:label2\" content=\"Estimated reading time\" \/>\n\t<meta name=\"twitter:data2\" content=\"1 minute\" \/>\n<script type=\"application\/ld+json\" class=\"yoast-schema-graph\">{\"@context\":\"https:\/\/schema.org\",\"@graph\":[{\"@type\":\"Article\",\"@id\":\"https:\/\/www.lafreheloise.bzh\/2024\/11\/21\/la-biere-de-noel-est-arrivee\/#article\",\"isPartOf\":{\"@id\":\"https:\/\/www.lafreheloise.bzh\/2024\/11\/21\/la-biere-de-noel-est-arrivee\/\"},\"author\":{\"name\":\"Youenn\",\"@id\":\"https:\/\/www.lafreheloise.bzh\/#\/schema\/person\/630dd96f2b91b1ce220d6dda79bdf92c\"},\"headline\":\"La bi\u00e8re de No\u00ebl est arriv\u00e9e !\",\"datePublished\":\"2024-11-21T17:47:59+00:00\",\"dateModified\":\"2024-11-21T17:48:14+00:00\",\"mainEntityOfPage\":{\"@id\":\"https:\/\/www.lafreheloise.bzh\/2024\/11\/21\/la-biere-de-noel-est-arrivee\/\"},\"wordCount\":76,\"commentCount\":0,\"publisher\":{\"@id\":\"https:\/\/www.lafreheloise.bzh\/#organization\"},\"image\":{\"@id\":\"https:\/\/www.lafreheloise.bzh\/2024\/11\/21\/la-biere-de-noel-est-arrivee\/#primaryimage\"},\"thumbnailUrl\":\"https:\/\/www.lafreheloise.bzh\/wp-content\/uploads\/2024\/11\/biere-noel-2024-rotated.jpg\",\"articleSection\":[\"Uncategorized\"],\"inLanguage\":\"en-GB\",\"potentialAction\":[{\"@type\":\"CommentAction\",\"name\":\"Comment\",\"target\":[\"https:\/\/www.lafreheloise.bzh\/2024\/11\/21\/la-biere-de-noel-est-arrivee\/#respond\"]}]},{\"@type\":\"WebPage\",\"@id\":\"https:\/\/www.lafreheloise.bzh\/2024\/11\/21\/la-biere-de-noel-est-arrivee\/\",\"url\":\"https:\/\/www.lafreheloise.bzh\/2024\/11\/21\/la-biere-de-noel-est-arrivee\/\",\"name\":\"La bi\u00e8re de No\u00ebl est arriv\u00e9e ! - La Fr\u00e9heloise, micro-brasserie artisanale en C\u00f4tes d&#039;Armor, produisant des bi\u00e8res bretonnes en Bretagne Nord\",\"isPartOf\":{\"@id\":\"https:\/\/www.lafreheloise.bzh\/#website\"},\"primaryImageOfPage\":{\"@id\":\"https:\/\/www.lafreheloise.bzh\/2024\/11\/21\/la-biere-de-noel-est-arrivee\/#primaryimage\"},\"image\":{\"@id\":\"https:\/\/www.lafreheloise.bzh\/2024\/11\/21\/la-biere-de-noel-est-arrivee\/#primaryimage\"},\"thumbnailUrl\":\"https:\/\/www.lafreheloise.bzh\/wp-content\/uploads\/2024\/11\/biere-noel-2024-rotated.jpg\",\"datePublished\":\"2024-11-21T17:47:59+00:00\",\"dateModified\":\"2024-11-21T17:48:14+00:00\",\"breadcrumb\":{\"@id\":\"https:\/\/www.lafreheloise.bzh\/2024\/11\/21\/la-biere-de-noel-est-arrivee\/#breadcrumb\"},\"inLanguage\":\"en-GB\",\"potentialAction\":[{\"@type\":\"ReadAction\",\"target\":[\"https:\/\/www.lafreheloise.bzh\/2024\/11\/21\/la-biere-de-noel-est-arrivee\/\"]}]},{\"@type\":\"ImageObject\",\"inLanguage\":\"en-GB\",\"@id\":\"https:\/\/www.lafreheloise.bzh\/2024\/11\/21\/la-biere-de-noel-est-arrivee\/#primaryimage\",\"url\":\"https:\/\/www.lafreheloise.bzh\/wp-content\/uploads\/2024\/11\/biere-noel-2024-rotated.jpg\",\"contentUrl\":\"https:\/\/www.lafreheloise.bzh\/wp-content\/uploads\/2024\/11\/biere-noel-2024-rotated.jpg\",\"width\":1512,\"height\":2016},{\"@type\":\"BreadcrumbList\",\"@id\":\"https:\/\/www.lafreheloise.bzh\/2024\/11\/21\/la-biere-de-noel-est-arrivee\/#breadcrumb\",\"itemListElement\":[{\"@type\":\"ListItem\",\"position\":1,\"name\":\"Accueil\",\"item\":\"https:\/\/www.lafreheloise.bzh\/\"},{\"@type\":\"ListItem\",\"position\":2,\"name\":\"La bi\u00e8re de No\u00ebl est arriv\u00e9e !\"}]},{\"@type\":\"WebSite\",\"@id\":\"https:\/\/www.lafreheloise.bzh\/#website\",\"url\":\"https:\/\/www.lafreheloise.bzh\/\",\"name\":\"La Fr\u00e9heloise, brasserie entre C\u00f4te d'Emeraude et C\u00f4te de Penthi\u00e8vre\",\"description\":\"La Fr\u00e9heloise, micro-brasserie artisanale en C\u00f4tes d&#039;Armor, produisant des bi\u00e8res bretonnes en Bretagne Nord\",\"publisher\":{\"@id\":\"https:\/\/www.lafreheloise.bzh\/#organization\"},\"potentialAction\":[{\"@type\":\"SearchAction\",\"target\":{\"@type\":\"EntryPoint\",\"urlTemplate\":\"https:\/\/www.lafreheloise.bzh\/?s={search_term_string}\"},\"query-input\":{\"@type\":\"PropertyValueSpecification\",\"valueRequired\":true,\"valueName\":\"search_term_string\"}}],\"inLanguage\":\"en-GB\"},{\"@type\":\"Organization\",\"@id\":\"https:\/\/www.lafreheloise.bzh\/#organization\",\"name\":\"La Fr\u00e9heloise, brasserie entre C\u00f4te d'Emeraude et C\u00f4te de Penthi\u00e8vre\",\"url\":\"https:\/\/www.lafreheloise.bzh\/\",\"logo\":{\"@type\":\"ImageObject\",\"inLanguage\":\"en-GB\",\"@id\":\"https:\/\/www.lafreheloise.bzh\/#\/schema\/logo\/image\/\",\"url\":\"https:\/\/www.lafreheloise.bzh\/wp-content\/uploads\/2021\/12\/Capture-de\u0301cran-2021-12-01-a\u0300-16.52.45-1024x622-2-1.png\",\"contentUrl\":\"https:\/\/www.lafreheloise.bzh\/wp-content\/uploads\/2021\/12\/Capture-de\u0301cran-2021-12-01-a\u0300-16.52.45-1024x622-2-1.png\",\"width\":1024,\"height\":622,\"caption\":\"La Fr\u00e9heloise, brasserie entre C\u00f4te d'Emeraude et C\u00f4te de Penthi\u00e8vre\"},\"image\":{\"@id\":\"https:\/\/www.lafreheloise.bzh\/#\/schema\/logo\/image\/\"},\"sameAs\":[\"https:\/\/www.facebook.com\/Bieres-Frehel\",\"https:\/\/www.instagram.com\/lafreheloise\/\"]},{\"@type\":\"Person\",\"@id\":\"https:\/\/www.lafreheloise.bzh\/#\/schema\/person\/630dd96f2b91b1ce220d6dda79bdf92c\",\"name\":\"Youenn\",\"image\":{\"@type\":\"ImageObject\",\"inLanguage\":\"en-GB\",\"@id\":\"https:\/\/www.lafreheloise.bzh\/#\/schema\/person\/image\/\",\"url\":\"https:\/\/secure.gravatar.com\/avatar\/00da6167f536a93c495c47df9a6a4e2feef69a54d069365140df0603d062e570?s=96&d=mm&r=g\",\"contentUrl\":\"https:\/\/secure.gravatar.com\/avatar\/00da6167f536a93c495c47df9a6a4e2feef69a54d069365140df0603d062e570?s=96&d=mm&r=g\",\"caption\":\"Youenn\"},\"url\":\"https:\/\/www.lafreheloise.bzh\/en\/author\/youennlafreheloise\/\"}]}<\/script>\n<!-- \/ Yoast SEO plugin. -->","yoast_head_json":{"title":"La bi\u00e8re de No\u00ebl est arriv\u00e9e ! - La Fr\u00e9heloise, micro-brasserie artisanale en C\u00f4tes d&#039;Armor, produisant des bi\u00e8res bretonnes en Bretagne Nord","robots":{"index":"index","follow":"follow","max-snippet":"max-snippet:-1","max-image-preview":"max-image-preview:large","max-video-preview":"max-video-preview:-1"},"canonical":"https:\/\/www.lafreheloise.bzh\/en\/2024\/11\/21\/la-biere-de-noel-est-arrivee\/","og_locale":"en_GB","og_type":"article","og_title":"La bi\u00e8re de No\u00ebl est arriv\u00e9e ! - La Fr\u00e9heloise, micro-brasserie artisanale en C\u00f4tes d&#039;Armor, produisant des bi\u00e8res bretonnes en Bretagne Nord","og_description":"Chaque ann\u00e9e, c&rsquo;est la tradition, nous proposons une bi\u00e8re No\u00ebl; ronde, ambr\u00e9e, fruit\u00e9e, \u00e9pic\u00e9e, c&rsquo;est l&rsquo;occasion pour nous de cr\u00e9er une recette originale ! Cette ann\u00e9e, nous proposons donc une Bi\u00e8re de No\u00ebl, ambr\u00e9e, d\u00e9licatement aromatis\u00e9e \u00e0 la m\u00fbre, peu sucr\u00e9e (alc. 6%). A vos papilles !","og_url":"https:\/\/www.lafreheloise.bzh\/en\/2024\/11\/21\/la-biere-de-noel-est-arrivee\/","og_site_name":"La Fr\u00e9heloise, micro-brasserie artisanale en C\u00f4tes d&#039;Armor, produisant des bi\u00e8res bretonnes en Bretagne Nord","article_publisher":"https:\/\/www.facebook.com\/Bieres-Frehel","article_published_time":"2024-11-21T17:47:59+00:00","article_modified_time":"2024-11-21T17:48:14+00:00","og_image":[{"width":1512,"height":2016,"url":"https:\/\/www.lafreheloise.bzh\/wp-content\/uploads\/2024\/11\/biere-noel-2024-rotated.jpg","type":"image\/jpeg"}],"author":"Youenn","twitter_card":"summary_large_image","twitter_misc":{"Written by":"Youenn","Estimated reading time":"1 minute"},"schema":{"@context":"https:\/\/schema.org","@graph":[{"@type":"Article","@id":"https:\/\/www.lafreheloise.bzh\/2024\/11\/21\/la-biere-de-noel-est-arrivee\/#article","isPartOf":{"@id":"https:\/\/www.lafreheloise.bzh\/2024\/11\/21\/la-biere-de-noel-est-arrivee\/"},"author":{"name":"Youenn","@id":"https:\/\/www.lafreheloise.bzh\/#\/schema\/person\/630dd96f2b91b1ce220d6dda79bdf92c"},"headline":"La bi\u00e8re de No\u00ebl est arriv\u00e9e !","datePublished":"2024-11-21T17:47:59+00:00","dateModified":"2024-11-21T17:48:14+00:00","mainEntityOfPage":{"@id":"https:\/\/www.lafreheloise.bzh\/2024\/11\/21\/la-biere-de-noel-est-arrivee\/"},"wordCount":76,"commentCount":0,"publisher":{"@id":"https:\/\/www.lafreheloise.bzh\/#organization"},"image":{"@id":"https:\/\/www.lafreheloise.bzh\/2024\/11\/21\/la-biere-de-noel-est-arrivee\/#primaryimage"},"thumbnailUrl":"https:\/\/www.lafreheloise.bzh\/wp-content\/uploads\/2024\/11\/biere-noel-2024-rotated.jpg","articleSection":["Uncategorized"],"inLanguage":"en-GB","potentialAction":[{"@type":"CommentAction","name":"Comment","target":["https:\/\/www.lafreheloise.bzh\/2024\/11\/21\/la-biere-de-noel-est-arrivee\/#respond"]}]},{"@type":"WebPage","@id":"https:\/\/www.lafreheloise.bzh\/2024\/11\/21\/la-biere-de-noel-est-arrivee\/","url":"https:\/\/www.lafreheloise.bzh\/2024\/11\/21\/la-biere-de-noel-est-arrivee\/","name":"La bi\u00e8re de No\u00ebl est arriv\u00e9e ! - La Fr\u00e9heloise, micro-brasserie artisanale en C\u00f4tes d&#039;Armor, produisant des bi\u00e8res bretonnes en Bretagne Nord","isPartOf":{"@id":"https:\/\/www.lafreheloise.bzh\/#website"},"primaryImageOfPage":{"@id":"https:\/\/www.lafreheloise.bzh\/2024\/11\/21\/la-biere-de-noel-est-arrivee\/#primaryimage"},"image":{"@id":"https:\/\/www.lafreheloise.bzh\/2024\/11\/21\/la-biere-de-noel-est-arrivee\/#primaryimage"},"thumbnailUrl":"https:\/\/www.lafreheloise.bzh\/wp-content\/uploads\/2024\/11\/biere-noel-2024-rotated.jpg","datePublished":"2024-11-21T17:47:59+00:00","dateModified":"2024-11-21T17:48:14+00:00","breadcrumb":{"@id":"https:\/\/www.lafreheloise.bzh\/2024\/11\/21\/la-biere-de-noel-est-arrivee\/#breadcrumb"},"inLanguage":"en-GB","potentialAction":[{"@type":"ReadAction","target":["https:\/\/www.lafreheloise.bzh\/2024\/11\/21\/la-biere-de-noel-est-arrivee\/"]}]},{"@type":"ImageObject","inLanguage":"en-GB","@id":"https:\/\/www.lafreheloise.bzh\/2024\/11\/21\/la-biere-de-noel-est-arrivee\/#primaryimage","url":"https:\/\/www.lafreheloise.bzh\/wp-content\/uploads\/2024\/11\/biere-noel-2024-rotated.jpg","contentUrl":"https:\/\/www.lafreheloise.bzh\/wp-content\/uploads\/2024\/11\/biere-noel-2024-rotated.jpg","width":1512,"height":2016},{"@type":"BreadcrumbList","@id":"https:\/\/www.lafreheloise.bzh\/2024\/11\/21\/la-biere-de-noel-est-arrivee\/#breadcrumb","itemListElement":[{"@type":"ListItem","position":1,"name":"Accueil","item":"https:\/\/www.lafreheloise.bzh\/"},{"@type":"ListItem","position":2,"name":"La bi\u00e8re de No\u00ebl est arriv\u00e9e !"}]},{"@type":"WebSite","@id":"https:\/\/www.lafreheloise.bzh\/#website","url":"https:\/\/www.lafreheloise.bzh\/","name":"La Fr\u00e9heloise, brasserie entre C\u00f4te d'Emeraude et C\u00f4te de Penthi\u00e8vre","description":"La Fr\u00e9heloise, micro-brasserie artisanale en C\u00f4tes d&#039;Armor, produisant des bi\u00e8res bretonnes en Bretagne Nord","publisher":{"@id":"https:\/\/www.lafreheloise.bzh\/#organization"},"potentialAction":[{"@type":"SearchAction","target":{"@type":"EntryPoint","urlTemplate":"https:\/\/www.lafreheloise.bzh\/?s={search_term_string}"},"query-input":{"@type":"PropertyValueSpecification","valueRequired":true,"valueName":"search_term_string"}}],"inLanguage":"en-GB"},{"@type":"Organization","@id":"https:\/\/www.lafreheloise.bzh\/#organization","name":"La Fr\u00e9heloise, brasserie entre C\u00f4te d'Emeraude et C\u00f4te de Penthi\u00e8vre","url":"https:\/\/www.lafreheloise.bzh\/","logo":{"@type":"ImageObject","inLanguage":"en-GB","@id":"https:\/\/www.lafreheloise.bzh\/#\/schema\/logo\/image\/","url":"https:\/\/www.lafreheloise.bzh\/wp-content\/uploads\/2021\/12\/Capture-de\u0301cran-2021-12-01-a\u0300-16.52.45-1024x622-2-1.png","contentUrl":"https:\/\/www.lafreheloise.bzh\/wp-content\/uploads\/2021\/12\/Capture-de\u0301cran-2021-12-01-a\u0300-16.52.45-1024x622-2-1.png","width":1024,"height":622,"caption":"La Fr\u00e9heloise, brasserie entre C\u00f4te d'Emeraude et C\u00f4te de Penthi\u00e8vre"},"image":{"@id":"https:\/\/www.lafreheloise.bzh\/#\/schema\/logo\/image\/"},"sameAs":["https:\/\/www.facebook.com\/Bieres-Frehel","https:\/\/www.instagram.com\/lafreheloise\/"]},{"@type":"Person","@id":"https:\/\/www.lafreheloise.bzh\/#\/schema\/person\/630dd96f2b91b1ce220d6dda79bdf92c","name":"Youenn","image":{"@type":"ImageObject","inLanguage":"en-GB","@id":"https:\/\/www.lafreheloise.bzh\/#\/schema\/person\/image\/","url":"https:\/\/secure.gravatar.com\/avatar\/00da6167f536a93c495c47df9a6a4e2feef69a54d069365140df0603d062e570?s=96&d=mm&r=g","contentUrl":"https:\/\/secure.gravatar.com\/avatar\/00da6167f536a93c495c47df9a6a4e2feef69a54d069365140df0603d062e570?s=96&d=mm&r=g","caption":"Youenn"},"url":"https:\/\/www.lafreheloise.bzh\/en\/author\/youennlafreheloise\/"}]}},"jetpack_featured_media_url":"https:\/\/www.lafreheloise.bzh\/wp-content\/uploads\/2024\/11\/biere-noel-2024-rotated.jpg","jetpack_sharing_enabled":true,"_links":{"self":[{"href":"https:\/\/www.lafreheloise.bzh\/en\/wp-json\/wp\/v2\/posts\/2056","targetHints":{"allow":["GET"]}}],"collection":[{"href":"https:\/\/www.lafreheloise.bzh\/en\/wp-json\/wp\/v2\/posts"}],"about":[{"href":"https:\/\/www.lafreheloise.bzh\/en\/wp-json\/wp\/v2\/types\/post"}],"author":[{"embeddable":true,"href":"https:\/\/www.lafreheloise.bzh\/en\/wp-json\/wp\/v2\/users\/4"}],"replies":[{"embeddable":true,"href":"https:\/\/www.lafreheloise.bzh\/en\/wp-json\/wp\/v2\/comments?post=2056"}],"version-history":[{"count":3,"href":"https:\/\/www.lafreheloise.bzh\/en\/wp-json\/wp\/v2\/posts\/2056\/revisions"}],"predecessor-version":[{"id":2060,"href":"https:\/\/www.lafreheloise.bzh\/en\/wp-json\/wp\/v2\/posts\/2056\/revisions\/2060"}],"wp:featuredmedia":[{"embeddable":true,"href":"https:\/\/www.lafreheloise.bzh\/en\/wp-json\/wp\/v2\/media\/2057"}],"wp:attachment":[{"href":"https:\/\/www.lafreheloise.bzh\/en\/wp-json\/wp\/v2\/media?parent=2056"}],"wp:term":[{"taxonomy":"category","embeddable":true,"href":"https:\/\/www.lafreheloise.bzh\/en\/wp-json\/wp\/v2\/categories?post=2056"},{"taxonomy":"post_tag","embeddable":true,"href":"https:\/\/www.lafreheloise.bzh\/en\/wp-json\/wp\/v2\/tags?post=2056"}],"curies":[{"name":"wp","href":"https:\/\/api.w.org\/{rel}","templated":true}]}}