{"id":2032,"date":"2024-06-07T22:40:21","date_gmt":"2024-06-07T20:40:21","guid":{"rendered":"https:\/\/www.lafreheloise.bzh\/?p=2032"},"modified":"2024-06-07T22:40:24","modified_gmt":"2024-06-07T20:40:24","slug":"la-freheloise-respecte-lenvironnement","status":"publish","type":"post","link":"https:\/\/www.lafreheloise.bzh\/en\/2024\/06\/07\/la-freheloise-respecte-lenvironnement\/","title":{"rendered":"A la Fr\u00e9heloise, on aime les oiseaux"},"content":{"rendered":"<p>Dr\u00f4le de surprise en Avril dernier, en livrant l&rsquo;un de nos clients rennais&#8230;. Alors que je prenais un par un les f\u00fbts vides, on d\u00e9couvre un petit nid install\u00e9 entre deux de nos f\u00fbts. Oups ! la m\u00e8re s&rsquo;envole en me fr\u00f4lant les oreilles&#8230;. <\/p>\n\n\n\n<p>Pass\u00e9 la premi\u00e8re surprise, on rigole mon client et moi-m\u00eame&#8230; Nidifier entre deux f\u00fbts, quelle id\u00e9e ! Sauf que des oeufs sont bien pr\u00e9sents&#8230;.  Alors au lieu d&#8217;embarquer le tout, et de r\u00e9cup\u00e9rer ainsi nos f\u00fbts vides, nous d\u00e9cidons avec notre client de laisser les f\u00fbts exactement au m\u00eame endroit dans sa remise ext\u00e9rieure. Ca prend de la place mais ce n&rsquo;est pas bien grave. Apr\u00e8s tout, ils sont bien \u00e0 l&rsquo;abri et comme les f\u00fbts de La Fr\u00e9heloise sont empilables, le nid est bien prot\u00e9g\u00e9.<\/p>\n\n\n\n<figure class=\"wp-block-image size-large\"><img fetchpriority=\"high\" decoding=\"async\" width=\"1024\" height=\"768\" src=\"https:\/\/www.lafreheloise.bzh\/wp-content\/uploads\/2024\/06\/un-nid-avec-des-oeuf-1024x768.jpeg\" alt=\"\" class=\"wp-image-2037\" srcset=\"https:\/\/www.lafreheloise.bzh\/wp-content\/uploads\/2024\/06\/un-nid-avec-des-oeuf-1024x768.jpeg 1024w, https:\/\/www.lafreheloise.bzh\/wp-content\/uploads\/2024\/06\/un-nid-avec-des-oeuf-300x225.jpeg 300w, https:\/\/www.lafreheloise.bzh\/wp-content\/uploads\/2024\/06\/un-nid-avec-des-oeuf-768x576.jpeg 768w, https:\/\/www.lafreheloise.bzh\/wp-content\/uploads\/2024\/06\/un-nid-avec-des-oeuf-1536x1152.jpeg 1536w, https:\/\/www.lafreheloise.bzh\/wp-content\/uploads\/2024\/06\/un-nid-avec-des-oeuf-16x12.jpeg 16w, https:\/\/www.lafreheloise.bzh\/wp-content\/uploads\/2024\/06\/un-nid-avec-des-oeuf-1320x990.jpeg 1320w, https:\/\/www.lafreheloise.bzh\/wp-content\/uploads\/2024\/06\/un-nid-avec-des-oeuf-600x450.jpeg 600w, https:\/\/www.lafreheloise.bzh\/wp-content\/uploads\/2024\/06\/un-nid-avec-des-oeuf.jpeg 2048w\" sizes=\"(max-width: 1024px) 100vw, 1024px\" \/><\/figure>\n\n\n\n<p>Donc on briefe l&rsquo;\u00e9quipe: interdiction de toucher ces f\u00fbts, de les d\u00e9placer, et encore moins d&rsquo;envisager une omelette comme plat du jour.<\/p>\n\n\n\n<p>Mi-mai, nouvelle rotation, et l\u00e0 tr\u00e8s bonne surprise, tout ce petit monde est n\u00e9 &#8230; Et \u00e7a gazouille !<\/p>\n\n\n\n<figure class=\"wp-block-image size-large\"><img decoding=\"async\" width=\"1024\" height=\"768\" data-src=\"https:\/\/www.lafreheloise.bzh\/wp-content\/uploads\/2024\/06\/des-oiseaux-dans-des-futs-La-Freheloise-1024x768.jpg\" alt=\"\" class=\"wp-image-2033 lazyload\" data-srcset=\"https:\/\/www.lafreheloise.bzh\/wp-content\/uploads\/2024\/06\/des-oiseaux-dans-des-futs-La-Freheloise-1024x768.jpg 1024w, https:\/\/www.lafreheloise.bzh\/wp-content\/uploads\/2024\/06\/des-oiseaux-dans-des-futs-La-Freheloise-300x225.jpg 300w, https:\/\/www.lafreheloise.bzh\/wp-content\/uploads\/2024\/06\/des-oiseaux-dans-des-futs-La-Freheloise-768x576.jpg 768w, https:\/\/www.lafreheloise.bzh\/wp-content\/uploads\/2024\/06\/des-oiseaux-dans-des-futs-La-Freheloise-1536x1152.jpg 1536w, https:\/\/www.lafreheloise.bzh\/wp-content\/uploads\/2024\/06\/des-oiseaux-dans-des-futs-La-Freheloise-2048x1536.jpg 2048w, https:\/\/www.lafreheloise.bzh\/wp-content\/uploads\/2024\/06\/des-oiseaux-dans-des-futs-La-Freheloise-16x12.jpg 16w, https:\/\/www.lafreheloise.bzh\/wp-content\/uploads\/2024\/06\/des-oiseaux-dans-des-futs-La-Freheloise-1320x990.jpg 1320w, https:\/\/www.lafreheloise.bzh\/wp-content\/uploads\/2024\/06\/des-oiseaux-dans-des-futs-La-Freheloise-600x450.jpg 600w\" data-sizes=\"(max-width: 1024px) 100vw, 1024px\" src=\"data:image\/svg+xml;base64,PHN2ZyB3aWR0aD0iMSIgaGVpZ2h0PSIxIiB4bWxucz0iaHR0cDovL3d3dy53My5vcmcvMjAwMC9zdmciPjwvc3ZnPg==\" style=\"--smush-placeholder-width: 1024px; --smush-placeholder-aspect-ratio: 1024\/768;\" \/><\/figure>\n\n\n\n<p>Avec mon client, on est comme des gosses! C&rsquo;est mignon, et on a le sentiment, tel le colibri, d&rsquo;oeuvrer pour la biodiversit\u00e9. Je replace d\u00e9licatement les f\u00fbts exactement \u00e0 leur position d&rsquo;origine. <\/p>\n\n\n\n<p>Et nous voil\u00e0 d\u00e9but Juin&#8230;. Nouvelle rotation dans ce bar rennais&#8230;. Et enfin tout le monde est parti; les oiseau ont quitt\u00e9 leur nid; la bi\u00e8re reprend ses droits, et la saison peut commencer !<\/p>\n\n\n\n<figure class=\"wp-block-image size-large\"><img decoding=\"async\" width=\"768\" height=\"1024\" data-src=\"https:\/\/www.lafreheloise.bzh\/wp-content\/uploads\/2024\/06\/un-nid-dans-un-fut-La-Freheloise-768x1024.jpg\" alt=\"\" class=\"wp-image-2034 lazyload\" data-srcset=\"https:\/\/www.lafreheloise.bzh\/wp-content\/uploads\/2024\/06\/un-nid-dans-un-fut-La-Freheloise-768x1024.jpg 768w, https:\/\/www.lafreheloise.bzh\/wp-content\/uploads\/2024\/06\/un-nid-dans-un-fut-La-Freheloise-225x300.jpg 225w, https:\/\/www.lafreheloise.bzh\/wp-content\/uploads\/2024\/06\/un-nid-dans-un-fut-La-Freheloise-1152x1536.jpg 1152w, https:\/\/www.lafreheloise.bzh\/wp-content\/uploads\/2024\/06\/un-nid-dans-un-fut-La-Freheloise-1536x2048.jpg 1536w, https:\/\/www.lafreheloise.bzh\/wp-content\/uploads\/2024\/06\/un-nid-dans-un-fut-La-Freheloise-9x12.jpg 9w, https:\/\/www.lafreheloise.bzh\/wp-content\/uploads\/2024\/06\/un-nid-dans-un-fut-La-Freheloise-1320x1760.jpg 1320w, https:\/\/www.lafreheloise.bzh\/wp-content\/uploads\/2024\/06\/un-nid-dans-un-fut-La-Freheloise-600x800.jpg 600w, https:\/\/www.lafreheloise.bzh\/wp-content\/uploads\/2024\/06\/un-nid-dans-un-fut-La-Freheloise-scaled.jpg 1920w\" data-sizes=\"(max-width: 768px) 100vw, 768px\" src=\"data:image\/svg+xml;base64,PHN2ZyB3aWR0aD0iMSIgaGVpZ2h0PSIxIiB4bWxucz0iaHR0cDovL3d3dy53My5vcmcvMjAwMC9zdmciPjwvc3ZnPg==\" style=\"--smush-placeholder-width: 768px; --smush-placeholder-aspect-ratio: 768\/1024;\" \/><\/figure>","protected":false},"excerpt":{"rendered":"<p>Des oiseaux ont fait leur nid entre deux de nos f\u00fbts.<\/p>","protected":false},"author":4,"featured_media":2034,"comment_status":"open","ping_status":"open","sticky":false,"template":"","format":"standard","meta":{"jetpack_post_was_ever_published":false,"_jetpack_newsletter_access":"","_jetpack_dont_email_post_to_subs":false,"_jetpack_newsletter_tier_id":0,"_jetpack_memberships_contains_paywalled_content":false,"_jetpack_memberships_contains_paid_content":false,"footnotes":""},"categories":[1],"tags":[],"class_list":["post-2032","post","type-post","status-publish","format-standard","has-post-thumbnail","hentry","category-uncategorized"],"yoast_head":"<!-- This site is optimized with the Yoast SEO plugin v26.6 - https:\/\/yoast.com\/wordpress\/plugins\/seo\/ -->\n<title>A la Fr\u00e9heloise, on aime les oiseaux - La Fr\u00e9heloise, micro-brasserie artisanale en C\u00f4tes d&#039;Armor, produisant des bi\u00e8res bretonnes en Bretagne Nord<\/title>\n<meta name=\"description\" content=\"La Fr\u00e9heloise respecte l&#039;environnement. Des oiseaux ont fait leur nid dans un f\u00fbt de la Fr\u00e9heloise; nous avons laiss\u00e9 les f\u00fbts en place, sans les d\u00e9placer; les oiseaux ont pu naitre et vivre sans \u00eatre d\u00e9rang\u00e9s; maintenant que le nid est vide, nous avons r\u00e9cup\u00e9r\u00e9 les f\u00fbts.\" \/>\n<meta name=\"robots\" content=\"index, follow, max-snippet:-1, max-image-preview:large, max-video-preview:-1\" \/>\n<link rel=\"canonical\" href=\"https:\/\/www.lafreheloise.bzh\/en\/2024\/06\/07\/la-freheloise-respecte-lenvironnement\/\" \/>\n<meta property=\"og:locale\" content=\"en_GB\" \/>\n<meta property=\"og:type\" content=\"article\" \/>\n<meta property=\"og:title\" content=\"A la Fr\u00e9heloise, on aime les oiseaux - La Fr\u00e9heloise, micro-brasserie artisanale en C\u00f4tes d&#039;Armor, produisant des bi\u00e8res bretonnes en Bretagne Nord\" \/>\n<meta property=\"og:description\" content=\"La Fr\u00e9heloise respecte l&#039;environnement. Des oiseaux ont fait leur nid dans un f\u00fbt de la Fr\u00e9heloise; nous avons laiss\u00e9 les f\u00fbts en place, sans les d\u00e9placer; les oiseaux ont pu naitre et vivre sans \u00eatre d\u00e9rang\u00e9s; maintenant que le nid est vide, nous avons r\u00e9cup\u00e9r\u00e9 les f\u00fbts.\" \/>\n<meta property=\"og:url\" content=\"https:\/\/www.lafreheloise.bzh\/en\/2024\/06\/07\/la-freheloise-respecte-lenvironnement\/\" \/>\n<meta property=\"og:site_name\" content=\"La Fr\u00e9heloise, micro-brasserie artisanale en C\u00f4tes d&#039;Armor, produisant des bi\u00e8res bretonnes en Bretagne Nord\" \/>\n<meta property=\"article:publisher\" content=\"https:\/\/www.facebook.com\/Bieres-Frehel\" \/>\n<meta property=\"article:published_time\" content=\"2024-06-07T20:40:21+00:00\" \/>\n<meta property=\"article:modified_time\" content=\"2024-06-07T20:40:24+00:00\" \/>\n<meta property=\"og:image\" content=\"https:\/\/www.lafreheloise.bzh\/wp-content\/uploads\/2024\/06\/un-nid-dans-un-fut-La-Freheloise-scaled.jpg\" \/>\n\t<meta property=\"og:image:width\" content=\"1920\" \/>\n\t<meta property=\"og:image:height\" content=\"2560\" \/>\n\t<meta property=\"og:image:type\" content=\"image\/jpeg\" \/>\n<meta name=\"author\" content=\"Youenn\" \/>\n<meta name=\"twitter:card\" content=\"summary_large_image\" \/>\n<meta name=\"twitter:label1\" content=\"Written by\" \/>\n\t<meta name=\"twitter:data1\" content=\"Youenn\" \/>\n\t<meta name=\"twitter:label2\" content=\"Estimated reading time\" \/>\n\t<meta name=\"twitter:data2\" content=\"2 minutes\" \/>\n<script type=\"application\/ld+json\" class=\"yoast-schema-graph\">{\"@context\":\"https:\/\/schema.org\",\"@graph\":[{\"@type\":\"Article\",\"@id\":\"https:\/\/www.lafreheloise.bzh\/2024\/06\/07\/la-freheloise-respecte-lenvironnement\/#article\",\"isPartOf\":{\"@id\":\"https:\/\/www.lafreheloise.bzh\/2024\/06\/07\/la-freheloise-respecte-lenvironnement\/\"},\"author\":{\"name\":\"Youenn\",\"@id\":\"https:\/\/www.lafreheloise.bzh\/#\/schema\/person\/630dd96f2b91b1ce220d6dda79bdf92c\"},\"headline\":\"A la Fr\u00e9heloise, on aime les oiseaux\",\"datePublished\":\"2024-06-07T20:40:21+00:00\",\"dateModified\":\"2024-06-07T20:40:24+00:00\",\"mainEntityOfPage\":{\"@id\":\"https:\/\/www.lafreheloise.bzh\/2024\/06\/07\/la-freheloise-respecte-lenvironnement\/\"},\"wordCount\":278,\"commentCount\":0,\"publisher\":{\"@id\":\"https:\/\/www.lafreheloise.bzh\/#organization\"},\"image\":{\"@id\":\"https:\/\/www.lafreheloise.bzh\/2024\/06\/07\/la-freheloise-respecte-lenvironnement\/#primaryimage\"},\"thumbnailUrl\":\"https:\/\/www.lafreheloise.bzh\/wp-content\/uploads\/2024\/06\/un-nid-dans-un-fut-La-Freheloise-scaled.jpg\",\"articleSection\":[\"Uncategorized\"],\"inLanguage\":\"en-GB\",\"potentialAction\":[{\"@type\":\"CommentAction\",\"name\":\"Comment\",\"target\":[\"https:\/\/www.lafreheloise.bzh\/2024\/06\/07\/la-freheloise-respecte-lenvironnement\/#respond\"]}]},{\"@type\":\"WebPage\",\"@id\":\"https:\/\/www.lafreheloise.bzh\/2024\/06\/07\/la-freheloise-respecte-lenvironnement\/\",\"url\":\"https:\/\/www.lafreheloise.bzh\/2024\/06\/07\/la-freheloise-respecte-lenvironnement\/\",\"name\":\"A la Fr\u00e9heloise, on aime les oiseaux - La Fr\u00e9heloise, micro-brasserie artisanale en C\u00f4tes d&#039;Armor, produisant des bi\u00e8res bretonnes en Bretagne Nord\",\"isPartOf\":{\"@id\":\"https:\/\/www.lafreheloise.bzh\/#website\"},\"primaryImageOfPage\":{\"@id\":\"https:\/\/www.lafreheloise.bzh\/2024\/06\/07\/la-freheloise-respecte-lenvironnement\/#primaryimage\"},\"image\":{\"@id\":\"https:\/\/www.lafreheloise.bzh\/2024\/06\/07\/la-freheloise-respecte-lenvironnement\/#primaryimage\"},\"thumbnailUrl\":\"https:\/\/www.lafreheloise.bzh\/wp-content\/uploads\/2024\/06\/un-nid-dans-un-fut-La-Freheloise-scaled.jpg\",\"datePublished\":\"2024-06-07T20:40:21+00:00\",\"dateModified\":\"2024-06-07T20:40:24+00:00\",\"description\":\"La Fr\u00e9heloise respecte l'environnement. Des oiseaux ont fait leur nid dans un f\u00fbt de la Fr\u00e9heloise; nous avons laiss\u00e9 les f\u00fbts en place, sans les d\u00e9placer; les oiseaux ont pu naitre et vivre sans \u00eatre d\u00e9rang\u00e9s; maintenant que le nid est vide, nous avons r\u00e9cup\u00e9r\u00e9 les f\u00fbts.\",\"breadcrumb\":{\"@id\":\"https:\/\/www.lafreheloise.bzh\/2024\/06\/07\/la-freheloise-respecte-lenvironnement\/#breadcrumb\"},\"inLanguage\":\"en-GB\",\"potentialAction\":[{\"@type\":\"ReadAction\",\"target\":[\"https:\/\/www.lafreheloise.bzh\/2024\/06\/07\/la-freheloise-respecte-lenvironnement\/\"]}]},{\"@type\":\"ImageObject\",\"inLanguage\":\"en-GB\",\"@id\":\"https:\/\/www.lafreheloise.bzh\/2024\/06\/07\/la-freheloise-respecte-lenvironnement\/#primaryimage\",\"url\":\"https:\/\/www.lafreheloise.bzh\/wp-content\/uploads\/2024\/06\/un-nid-dans-un-fut-La-Freheloise-scaled.jpg\",\"contentUrl\":\"https:\/\/www.lafreheloise.bzh\/wp-content\/uploads\/2024\/06\/un-nid-dans-un-fut-La-Freheloise-scaled.jpg\",\"width\":1920,\"height\":2560},{\"@type\":\"BreadcrumbList\",\"@id\":\"https:\/\/www.lafreheloise.bzh\/2024\/06\/07\/la-freheloise-respecte-lenvironnement\/#breadcrumb\",\"itemListElement\":[{\"@type\":\"ListItem\",\"position\":1,\"name\":\"Accueil\",\"item\":\"https:\/\/www.lafreheloise.bzh\/\"},{\"@type\":\"ListItem\",\"position\":2,\"name\":\"A la Fr\u00e9heloise, on aime les oiseaux\"}]},{\"@type\":\"WebSite\",\"@id\":\"https:\/\/www.lafreheloise.bzh\/#website\",\"url\":\"https:\/\/www.lafreheloise.bzh\/\",\"name\":\"La Fr\u00e9heloise, brasserie entre C\u00f4te d'Emeraude et C\u00f4te de Penthi\u00e8vre\",\"description\":\"La Fr\u00e9heloise, micro-brasserie artisanale en C\u00f4tes d&#039;Armor, produisant des bi\u00e8res bretonnes en Bretagne Nord\",\"publisher\":{\"@id\":\"https:\/\/www.lafreheloise.bzh\/#organization\"},\"potentialAction\":[{\"@type\":\"SearchAction\",\"target\":{\"@type\":\"EntryPoint\",\"urlTemplate\":\"https:\/\/www.lafreheloise.bzh\/?s={search_term_string}\"},\"query-input\":{\"@type\":\"PropertyValueSpecification\",\"valueRequired\":true,\"valueName\":\"search_term_string\"}}],\"inLanguage\":\"en-GB\"},{\"@type\":\"Organization\",\"@id\":\"https:\/\/www.lafreheloise.bzh\/#organization\",\"name\":\"La Fr\u00e9heloise, brasserie entre C\u00f4te d'Emeraude et C\u00f4te de Penthi\u00e8vre\",\"url\":\"https:\/\/www.lafreheloise.bzh\/\",\"logo\":{\"@type\":\"ImageObject\",\"inLanguage\":\"en-GB\",\"@id\":\"https:\/\/www.lafreheloise.bzh\/#\/schema\/logo\/image\/\",\"url\":\"https:\/\/www.lafreheloise.bzh\/wp-content\/uploads\/2021\/12\/Capture-de\u0301cran-2021-12-01-a\u0300-16.52.45-1024x622-2-1.png\",\"contentUrl\":\"https:\/\/www.lafreheloise.bzh\/wp-content\/uploads\/2021\/12\/Capture-de\u0301cran-2021-12-01-a\u0300-16.52.45-1024x622-2-1.png\",\"width\":1024,\"height\":622,\"caption\":\"La Fr\u00e9heloise, brasserie entre C\u00f4te d'Emeraude et C\u00f4te de Penthi\u00e8vre\"},\"image\":{\"@id\":\"https:\/\/www.lafreheloise.bzh\/#\/schema\/logo\/image\/\"},\"sameAs\":[\"https:\/\/www.facebook.com\/Bieres-Frehel\",\"https:\/\/www.instagram.com\/lafreheloise\/\"]},{\"@type\":\"Person\",\"@id\":\"https:\/\/www.lafreheloise.bzh\/#\/schema\/person\/630dd96f2b91b1ce220d6dda79bdf92c\",\"name\":\"Youenn\",\"image\":{\"@type\":\"ImageObject\",\"inLanguage\":\"en-GB\",\"@id\":\"https:\/\/www.lafreheloise.bzh\/#\/schema\/person\/image\/\",\"url\":\"https:\/\/secure.gravatar.com\/avatar\/00da6167f536a93c495c47df9a6a4e2feef69a54d069365140df0603d062e570?s=96&d=mm&r=g\",\"contentUrl\":\"https:\/\/secure.gravatar.com\/avatar\/00da6167f536a93c495c47df9a6a4e2feef69a54d069365140df0603d062e570?s=96&d=mm&r=g\",\"caption\":\"Youenn\"},\"url\":\"https:\/\/www.lafreheloise.bzh\/en\/author\/youennlafreheloise\/\"}]}<\/script>\n<!-- \/ Yoast SEO plugin. -->","yoast_head_json":{"title":"A la Fr\u00e9heloise, on aime les oiseaux - La Fr\u00e9heloise, micro-brasserie artisanale en C\u00f4tes d&#039;Armor, produisant des bi\u00e8res bretonnes en Bretagne Nord","description":"La Fr\u00e9heloise respecte l'environnement. Des oiseaux ont fait leur nid dans un f\u00fbt de la Fr\u00e9heloise; nous avons laiss\u00e9 les f\u00fbts en place, sans les d\u00e9placer; les oiseaux ont pu naitre et vivre sans \u00eatre d\u00e9rang\u00e9s; maintenant que le nid est vide, nous avons r\u00e9cup\u00e9r\u00e9 les f\u00fbts.","robots":{"index":"index","follow":"follow","max-snippet":"max-snippet:-1","max-image-preview":"max-image-preview:large","max-video-preview":"max-video-preview:-1"},"canonical":"https:\/\/www.lafreheloise.bzh\/en\/2024\/06\/07\/la-freheloise-respecte-lenvironnement\/","og_locale":"en_GB","og_type":"article","og_title":"A la Fr\u00e9heloise, on aime les oiseaux - La Fr\u00e9heloise, micro-brasserie artisanale en C\u00f4tes d&#039;Armor, produisant des bi\u00e8res bretonnes en Bretagne Nord","og_description":"La Fr\u00e9heloise respecte l'environnement. Des oiseaux ont fait leur nid dans un f\u00fbt de la Fr\u00e9heloise; nous avons laiss\u00e9 les f\u00fbts en place, sans les d\u00e9placer; les oiseaux ont pu naitre et vivre sans \u00eatre d\u00e9rang\u00e9s; maintenant que le nid est vide, nous avons r\u00e9cup\u00e9r\u00e9 les f\u00fbts.","og_url":"https:\/\/www.lafreheloise.bzh\/en\/2024\/06\/07\/la-freheloise-respecte-lenvironnement\/","og_site_name":"La Fr\u00e9heloise, micro-brasserie artisanale en C\u00f4tes d&#039;Armor, produisant des bi\u00e8res bretonnes en Bretagne Nord","article_publisher":"https:\/\/www.facebook.com\/Bieres-Frehel","article_published_time":"2024-06-07T20:40:21+00:00","article_modified_time":"2024-06-07T20:40:24+00:00","og_image":[{"width":1920,"height":2560,"url":"https:\/\/www.lafreheloise.bzh\/wp-content\/uploads\/2024\/06\/un-nid-dans-un-fut-La-Freheloise-scaled.jpg","type":"image\/jpeg"}],"author":"Youenn","twitter_card":"summary_large_image","twitter_misc":{"Written by":"Youenn","Estimated reading time":"2 minutes"},"schema":{"@context":"https:\/\/schema.org","@graph":[{"@type":"Article","@id":"https:\/\/www.lafreheloise.bzh\/2024\/06\/07\/la-freheloise-respecte-lenvironnement\/#article","isPartOf":{"@id":"https:\/\/www.lafreheloise.bzh\/2024\/06\/07\/la-freheloise-respecte-lenvironnement\/"},"author":{"name":"Youenn","@id":"https:\/\/www.lafreheloise.bzh\/#\/schema\/person\/630dd96f2b91b1ce220d6dda79bdf92c"},"headline":"A la Fr\u00e9heloise, on aime les oiseaux","datePublished":"2024-06-07T20:40:21+00:00","dateModified":"2024-06-07T20:40:24+00:00","mainEntityOfPage":{"@id":"https:\/\/www.lafreheloise.bzh\/2024\/06\/07\/la-freheloise-respecte-lenvironnement\/"},"wordCount":278,"commentCount":0,"publisher":{"@id":"https:\/\/www.lafreheloise.bzh\/#organization"},"image":{"@id":"https:\/\/www.lafreheloise.bzh\/2024\/06\/07\/la-freheloise-respecte-lenvironnement\/#primaryimage"},"thumbnailUrl":"https:\/\/www.lafreheloise.bzh\/wp-content\/uploads\/2024\/06\/un-nid-dans-un-fut-La-Freheloise-scaled.jpg","articleSection":["Uncategorized"],"inLanguage":"en-GB","potentialAction":[{"@type":"CommentAction","name":"Comment","target":["https:\/\/www.lafreheloise.bzh\/2024\/06\/07\/la-freheloise-respecte-lenvironnement\/#respond"]}]},{"@type":"WebPage","@id":"https:\/\/www.lafreheloise.bzh\/2024\/06\/07\/la-freheloise-respecte-lenvironnement\/","url":"https:\/\/www.lafreheloise.bzh\/2024\/06\/07\/la-freheloise-respecte-lenvironnement\/","name":"A la Fr\u00e9heloise, on aime les oiseaux - La Fr\u00e9heloise, micro-brasserie artisanale en C\u00f4tes d&#039;Armor, produisant des bi\u00e8res bretonnes en Bretagne Nord","isPartOf":{"@id":"https:\/\/www.lafreheloise.bzh\/#website"},"primaryImageOfPage":{"@id":"https:\/\/www.lafreheloise.bzh\/2024\/06\/07\/la-freheloise-respecte-lenvironnement\/#primaryimage"},"image":{"@id":"https:\/\/www.lafreheloise.bzh\/2024\/06\/07\/la-freheloise-respecte-lenvironnement\/#primaryimage"},"thumbnailUrl":"https:\/\/www.lafreheloise.bzh\/wp-content\/uploads\/2024\/06\/un-nid-dans-un-fut-La-Freheloise-scaled.jpg","datePublished":"2024-06-07T20:40:21+00:00","dateModified":"2024-06-07T20:40:24+00:00","description":"La Fr\u00e9heloise respecte l'environnement. Des oiseaux ont fait leur nid dans un f\u00fbt de la Fr\u00e9heloise; nous avons laiss\u00e9 les f\u00fbts en place, sans les d\u00e9placer; les oiseaux ont pu naitre et vivre sans \u00eatre d\u00e9rang\u00e9s; maintenant que le nid est vide, nous avons r\u00e9cup\u00e9r\u00e9 les f\u00fbts.","breadcrumb":{"@id":"https:\/\/www.lafreheloise.bzh\/2024\/06\/07\/la-freheloise-respecte-lenvironnement\/#breadcrumb"},"inLanguage":"en-GB","potentialAction":[{"@type":"ReadAction","target":["https:\/\/www.lafreheloise.bzh\/2024\/06\/07\/la-freheloise-respecte-lenvironnement\/"]}]},{"@type":"ImageObject","inLanguage":"en-GB","@id":"https:\/\/www.lafreheloise.bzh\/2024\/06\/07\/la-freheloise-respecte-lenvironnement\/#primaryimage","url":"https:\/\/www.lafreheloise.bzh\/wp-content\/uploads\/2024\/06\/un-nid-dans-un-fut-La-Freheloise-scaled.jpg","contentUrl":"https:\/\/www.lafreheloise.bzh\/wp-content\/uploads\/2024\/06\/un-nid-dans-un-fut-La-Freheloise-scaled.jpg","width":1920,"height":2560},{"@type":"BreadcrumbList","@id":"https:\/\/www.lafreheloise.bzh\/2024\/06\/07\/la-freheloise-respecte-lenvironnement\/#breadcrumb","itemListElement":[{"@type":"ListItem","position":1,"name":"Accueil","item":"https:\/\/www.lafreheloise.bzh\/"},{"@type":"ListItem","position":2,"name":"A la Fr\u00e9heloise, on aime les oiseaux"}]},{"@type":"WebSite","@id":"https:\/\/www.lafreheloise.bzh\/#website","url":"https:\/\/www.lafreheloise.bzh\/","name":"La Fr\u00e9heloise, brasserie entre C\u00f4te d'Emeraude et C\u00f4te de Penthi\u00e8vre","description":"La Fr\u00e9heloise, micro-brasserie artisanale en C\u00f4tes d&#039;Armor, produisant des bi\u00e8res bretonnes en Bretagne Nord","publisher":{"@id":"https:\/\/www.lafreheloise.bzh\/#organization"},"potentialAction":[{"@type":"SearchAction","target":{"@type":"EntryPoint","urlTemplate":"https:\/\/www.lafreheloise.bzh\/?s={search_term_string}"},"query-input":{"@type":"PropertyValueSpecification","valueRequired":true,"valueName":"search_term_string"}}],"inLanguage":"en-GB"},{"@type":"Organization","@id":"https:\/\/www.lafreheloise.bzh\/#organization","name":"La Fr\u00e9heloise, brasserie entre C\u00f4te d'Emeraude et C\u00f4te de Penthi\u00e8vre","url":"https:\/\/www.lafreheloise.bzh\/","logo":{"@type":"ImageObject","inLanguage":"en-GB","@id":"https:\/\/www.lafreheloise.bzh\/#\/schema\/logo\/image\/","url":"https:\/\/www.lafreheloise.bzh\/wp-content\/uploads\/2021\/12\/Capture-de\u0301cran-2021-12-01-a\u0300-16.52.45-1024x622-2-1.png","contentUrl":"https:\/\/www.lafreheloise.bzh\/wp-content\/uploads\/2021\/12\/Capture-de\u0301cran-2021-12-01-a\u0300-16.52.45-1024x622-2-1.png","width":1024,"height":622,"caption":"La Fr\u00e9heloise, brasserie entre C\u00f4te d'Emeraude et C\u00f4te de Penthi\u00e8vre"},"image":{"@id":"https:\/\/www.lafreheloise.bzh\/#\/schema\/logo\/image\/"},"sameAs":["https:\/\/www.facebook.com\/Bieres-Frehel","https:\/\/www.instagram.com\/lafreheloise\/"]},{"@type":"Person","@id":"https:\/\/www.lafreheloise.bzh\/#\/schema\/person\/630dd96f2b91b1ce220d6dda79bdf92c","name":"Youenn","image":{"@type":"ImageObject","inLanguage":"en-GB","@id":"https:\/\/www.lafreheloise.bzh\/#\/schema\/person\/image\/","url":"https:\/\/secure.gravatar.com\/avatar\/00da6167f536a93c495c47df9a6a4e2feef69a54d069365140df0603d062e570?s=96&d=mm&r=g","contentUrl":"https:\/\/secure.gravatar.com\/avatar\/00da6167f536a93c495c47df9a6a4e2feef69a54d069365140df0603d062e570?s=96&d=mm&r=g","caption":"Youenn"},"url":"https:\/\/www.lafreheloise.bzh\/en\/author\/youennlafreheloise\/"}]}},"jetpack_featured_media_url":"https:\/\/www.lafreheloise.bzh\/wp-content\/uploads\/2024\/06\/un-nid-dans-un-fut-La-Freheloise-scaled.jpg","jetpack_sharing_enabled":true,"_links":{"self":[{"href":"https:\/\/www.lafreheloise.bzh\/en\/wp-json\/wp\/v2\/posts\/2032","targetHints":{"allow":["GET"]}}],"collection":[{"href":"https:\/\/www.lafreheloise.bzh\/en\/wp-json\/wp\/v2\/posts"}],"about":[{"href":"https:\/\/www.lafreheloise.bzh\/en\/wp-json\/wp\/v2\/types\/post"}],"author":[{"embeddable":true,"href":"https:\/\/www.lafreheloise.bzh\/en\/wp-json\/wp\/v2\/users\/4"}],"replies":[{"embeddable":true,"href":"https:\/\/www.lafreheloise.bzh\/en\/wp-json\/wp\/v2\/comments?post=2032"}],"version-history":[{"count":3,"href":"https:\/\/www.lafreheloise.bzh\/en\/wp-json\/wp\/v2\/posts\/2032\/revisions"}],"predecessor-version":[{"id":2038,"href":"https:\/\/www.lafreheloise.bzh\/en\/wp-json\/wp\/v2\/posts\/2032\/revisions\/2038"}],"wp:featuredmedia":[{"embeddable":true,"href":"https:\/\/www.lafreheloise.bzh\/en\/wp-json\/wp\/v2\/media\/2034"}],"wp:attachment":[{"href":"https:\/\/www.lafreheloise.bzh\/en\/wp-json\/wp\/v2\/media?parent=2032"}],"wp:term":[{"taxonomy":"category","embeddable":true,"href":"https:\/\/www.lafreheloise.bzh\/en\/wp-json\/wp\/v2\/categories?post=2032"},{"taxonomy":"post_tag","embeddable":true,"href":"https:\/\/www.lafreheloise.bzh\/en\/wp-json\/wp\/v2\/tags?post=2032"}],"curies":[{"name":"wp","href":"https:\/\/api.w.org\/{rel}","templated":true}]}}