{"id":1453,"date":"2023-07-29T10:18:27","date_gmt":"2023-07-29T10:18:27","guid":{"rendered":"https:\/\/www.lafreheloise.bzh\/?p=1453"},"modified":"2023-07-29T10:18:33","modified_gmt":"2023-07-29T10:18:33","slug":"une-biere-de-collab-avec-le-marmousse","status":"publish","type":"post","link":"https:\/\/www.lafreheloise.bzh\/en\/2023\/07\/29\/une-biere-de-collab-avec-le-marmousse\/","title":{"rendered":"Une bi\u00e8re de Collab&rsquo; avec le Mar&rsquo;Mousse"},"content":{"rendered":"<p>Cette semaine, nous avons accueilli l&rsquo;\u00e9quipe du Mar&rsquo;Mousse durant une journ\u00e9ee de brassin; objetcitf de cette collab&rsquo; : brasser une nouvelle recette, notamment en vue de la future Redadeg.<\/p>\n\n\n\n<p>Mercredi, c&rsquo;est donc Mathias, Tudwal, Marine et Patrice qui sont venus. Sit\u00f4t arriv\u00e9s, sit\u00f4t un caf\u00e9 , et&#8230;c&rsquo;est parti ! On s&rsquo;est mis d&rsquo;accord sur la recette: quel malt choisir pour cette bi\u00e8re qu&rsquo;on veut assez l\u00e9g\u00e8re, mais avec une belle couleur, quel houblon pour obtenir une bi\u00e8re plus aromatique qu&rsquo;am\u00e8re&#8230;<\/p>\n\n\n\n<p><\/p>\n\n\n\n<p>Et surtout, le choix d&rsquo;un malt bio, breton, local (merci la Malterie de Bretagne, \u00e0 Sca\u00ebr), tout comme le houblon venant de Fr\u00e9hel.<\/p>\n\n\n\n<p>Une belle journ\u00e9e pour tous, et une chouette d\u00e9couverte pour certains.<\/p>\n\n\n\n<figure class=\"wp-block-image size-large\"><img fetchpriority=\"high\" decoding=\"async\" width=\"1024\" height=\"768\" src=\"https:\/\/www.lafreheloise.bzh\/wp-content\/uploads\/2023\/07\/IMG_20230726_091348-1024x768.jpg\" alt=\"\" class=\"wp-image-1454\" srcset=\"https:\/\/www.lafreheloise.bzh\/wp-content\/uploads\/2023\/07\/IMG_20230726_091348-1024x768.jpg 1024w, https:\/\/www.lafreheloise.bzh\/wp-content\/uploads\/2023\/07\/IMG_20230726_091348-300x225.jpg 300w, https:\/\/www.lafreheloise.bzh\/wp-content\/uploads\/2023\/07\/IMG_20230726_091348-768x576.jpg 768w, https:\/\/www.lafreheloise.bzh\/wp-content\/uploads\/2023\/07\/IMG_20230726_091348-1536x1152.jpg 1536w, https:\/\/www.lafreheloise.bzh\/wp-content\/uploads\/2023\/07\/IMG_20230726_091348-16x12.jpg 16w, https:\/\/www.lafreheloise.bzh\/wp-content\/uploads\/2023\/07\/IMG_20230726_091348-1320x990.jpg 1320w, https:\/\/www.lafreheloise.bzh\/wp-content\/uploads\/2023\/07\/IMG_20230726_091348-600x450.jpg 600w, https:\/\/www.lafreheloise.bzh\/wp-content\/uploads\/2023\/07\/IMG_20230726_091348.jpg 1600w\" sizes=\"(max-width: 1024px) 100vw, 1024px\" \/><\/figure>","protected":false},"excerpt":{"rendered":"<p>Cette semaine, nous avons accueilli l&rsquo;\u00e9quipe du Mar&rsquo;Mousse durant une journ\u00e9ee de brassin; objetcitf de cette collab&rsquo; : brasser une nouvelle recette, notamment en vue de la future Redadeg. Mercredi, c&rsquo;est donc Mathias, Tudwal, Marine et Patrice qui sont venus. Sit\u00f4t arriv\u00e9s, sit\u00f4t un caf\u00e9 , et&#8230;c&rsquo;est parti ! On s&rsquo;est mis d&rsquo;accord sur la [&hellip;]<\/p>","protected":false},"author":4,"featured_media":1454,"comment_status":"open","ping_status":"open","sticky":false,"template":"","format":"standard","meta":{"jetpack_post_was_ever_published":false,"_jetpack_newsletter_access":"","_jetpack_dont_email_post_to_subs":false,"_jetpack_newsletter_tier_id":0,"_jetpack_memberships_contains_paywalled_content":false,"_jetpack_memberships_contains_paid_content":false,"footnotes":""},"categories":[1],"tags":[],"class_list":["post-1453","post","type-post","status-publish","format-standard","has-post-thumbnail","hentry","category-uncategorized"],"yoast_head":"<!-- This site is optimized with the Yoast SEO plugin v26.6 - https:\/\/yoast.com\/wordpress\/plugins\/seo\/ -->\n<title>Une bi\u00e8re de Collab&#039; avec le Mar&#039;Mousse - La Fr\u00e9heloise, micro-brasserie artisanale en C\u00f4tes d&#039;Armor, produisant des bi\u00e8res bretonnes en Bretagne Nord<\/title>\n<meta name=\"robots\" content=\"index, follow, max-snippet:-1, max-image-preview:large, max-video-preview:-1\" \/>\n<link rel=\"canonical\" href=\"https:\/\/www.lafreheloise.bzh\/en\/2023\/07\/29\/une-biere-de-collab-avec-le-marmousse\/\" \/>\n<meta property=\"og:locale\" content=\"en_GB\" \/>\n<meta property=\"og:type\" content=\"article\" \/>\n<meta property=\"og:title\" content=\"Une bi\u00e8re de Collab&#039; avec le Mar&#039;Mousse - La Fr\u00e9heloise, micro-brasserie artisanale en C\u00f4tes d&#039;Armor, produisant des bi\u00e8res bretonnes en Bretagne Nord\" \/>\n<meta property=\"og:description\" content=\"Cette semaine, nous avons accueilli l&rsquo;\u00e9quipe du Mar&rsquo;Mousse durant une journ\u00e9ee de brassin; objetcitf de cette collab&rsquo; : brasser une nouvelle recette, notamment en vue de la future Redadeg. Mercredi, c&rsquo;est donc Mathias, Tudwal, Marine et Patrice qui sont venus. Sit\u00f4t arriv\u00e9s, sit\u00f4t un caf\u00e9 , et&#8230;c&rsquo;est parti ! On s&rsquo;est mis d&rsquo;accord sur la [&hellip;]\" \/>\n<meta property=\"og:url\" content=\"https:\/\/www.lafreheloise.bzh\/en\/2023\/07\/29\/une-biere-de-collab-avec-le-marmousse\/\" \/>\n<meta property=\"og:site_name\" content=\"La Fr\u00e9heloise, micro-brasserie artisanale en C\u00f4tes d&#039;Armor, produisant des bi\u00e8res bretonnes en Bretagne Nord\" \/>\n<meta property=\"article:publisher\" content=\"https:\/\/www.facebook.com\/Bieres-Frehel\" \/>\n<meta property=\"article:published_time\" content=\"2023-07-29T10:18:27+00:00\" \/>\n<meta property=\"article:modified_time\" content=\"2023-07-29T10:18:33+00:00\" \/>\n<meta property=\"og:image\" content=\"https:\/\/www.lafreheloise.bzh\/wp-content\/uploads\/2023\/07\/IMG_20230726_091348.jpg\" \/>\n\t<meta property=\"og:image:width\" content=\"1600\" \/>\n\t<meta property=\"og:image:height\" content=\"1200\" \/>\n\t<meta property=\"og:image:type\" content=\"image\/jpeg\" \/>\n<meta name=\"author\" content=\"Youenn\" \/>\n<meta name=\"twitter:card\" content=\"summary_large_image\" \/>\n<meta name=\"twitter:label1\" content=\"Written by\" \/>\n\t<meta name=\"twitter:data1\" content=\"Youenn\" \/>\n\t<meta name=\"twitter:label2\" content=\"Estimated reading time\" \/>\n\t<meta name=\"twitter:data2\" content=\"1 minute\" \/>\n<script type=\"application\/ld+json\" class=\"yoast-schema-graph\">{\"@context\":\"https:\/\/schema.org\",\"@graph\":[{\"@type\":\"Article\",\"@id\":\"https:\/\/www.lafreheloise.bzh\/2023\/07\/29\/une-biere-de-collab-avec-le-marmousse\/#article\",\"isPartOf\":{\"@id\":\"https:\/\/www.lafreheloise.bzh\/2023\/07\/29\/une-biere-de-collab-avec-le-marmousse\/\"},\"author\":{\"name\":\"Youenn\",\"@id\":\"https:\/\/www.lafreheloise.bzh\/#\/schema\/person\/630dd96f2b91b1ce220d6dda79bdf92c\"},\"headline\":\"Une bi\u00e8re de Collab&rsquo; avec le Mar&rsquo;Mousse\",\"datePublished\":\"2023-07-29T10:18:27+00:00\",\"dateModified\":\"2023-07-29T10:18:33+00:00\",\"mainEntityOfPage\":{\"@id\":\"https:\/\/www.lafreheloise.bzh\/2023\/07\/29\/une-biere-de-collab-avec-le-marmousse\/\"},\"wordCount\":142,\"commentCount\":0,\"publisher\":{\"@id\":\"https:\/\/www.lafreheloise.bzh\/#organization\"},\"image\":{\"@id\":\"https:\/\/www.lafreheloise.bzh\/2023\/07\/29\/une-biere-de-collab-avec-le-marmousse\/#primaryimage\"},\"thumbnailUrl\":\"https:\/\/www.lafreheloise.bzh\/wp-content\/uploads\/2023\/07\/IMG_20230726_091348.jpg\",\"articleSection\":[\"Uncategorized\"],\"inLanguage\":\"en-GB\",\"potentialAction\":[{\"@type\":\"CommentAction\",\"name\":\"Comment\",\"target\":[\"https:\/\/www.lafreheloise.bzh\/2023\/07\/29\/une-biere-de-collab-avec-le-marmousse\/#respond\"]}]},{\"@type\":\"WebPage\",\"@id\":\"https:\/\/www.lafreheloise.bzh\/2023\/07\/29\/une-biere-de-collab-avec-le-marmousse\/\",\"url\":\"https:\/\/www.lafreheloise.bzh\/2023\/07\/29\/une-biere-de-collab-avec-le-marmousse\/\",\"name\":\"Une bi\u00e8re de Collab' avec le Mar'Mousse - La Fr\u00e9heloise, micro-brasserie artisanale en C\u00f4tes d&#039;Armor, produisant des bi\u00e8res bretonnes en Bretagne Nord\",\"isPartOf\":{\"@id\":\"https:\/\/www.lafreheloise.bzh\/#website\"},\"primaryImageOfPage\":{\"@id\":\"https:\/\/www.lafreheloise.bzh\/2023\/07\/29\/une-biere-de-collab-avec-le-marmousse\/#primaryimage\"},\"image\":{\"@id\":\"https:\/\/www.lafreheloise.bzh\/2023\/07\/29\/une-biere-de-collab-avec-le-marmousse\/#primaryimage\"},\"thumbnailUrl\":\"https:\/\/www.lafreheloise.bzh\/wp-content\/uploads\/2023\/07\/IMG_20230726_091348.jpg\",\"datePublished\":\"2023-07-29T10:18:27+00:00\",\"dateModified\":\"2023-07-29T10:18:33+00:00\",\"breadcrumb\":{\"@id\":\"https:\/\/www.lafreheloise.bzh\/2023\/07\/29\/une-biere-de-collab-avec-le-marmousse\/#breadcrumb\"},\"inLanguage\":\"en-GB\",\"potentialAction\":[{\"@type\":\"ReadAction\",\"target\":[\"https:\/\/www.lafreheloise.bzh\/2023\/07\/29\/une-biere-de-collab-avec-le-marmousse\/\"]}]},{\"@type\":\"ImageObject\",\"inLanguage\":\"en-GB\",\"@id\":\"https:\/\/www.lafreheloise.bzh\/2023\/07\/29\/une-biere-de-collab-avec-le-marmousse\/#primaryimage\",\"url\":\"https:\/\/www.lafreheloise.bzh\/wp-content\/uploads\/2023\/07\/IMG_20230726_091348.jpg\",\"contentUrl\":\"https:\/\/www.lafreheloise.bzh\/wp-content\/uploads\/2023\/07\/IMG_20230726_091348.jpg\",\"width\":1600,\"height\":1200},{\"@type\":\"BreadcrumbList\",\"@id\":\"https:\/\/www.lafreheloise.bzh\/2023\/07\/29\/une-biere-de-collab-avec-le-marmousse\/#breadcrumb\",\"itemListElement\":[{\"@type\":\"ListItem\",\"position\":1,\"name\":\"Accueil\",\"item\":\"https:\/\/www.lafreheloise.bzh\/\"},{\"@type\":\"ListItem\",\"position\":2,\"name\":\"Une bi\u00e8re de Collab&#8217; avec le Mar&#8217;Mousse\"}]},{\"@type\":\"WebSite\",\"@id\":\"https:\/\/www.lafreheloise.bzh\/#website\",\"url\":\"https:\/\/www.lafreheloise.bzh\/\",\"name\":\"La Fr\u00e9heloise, brasserie entre C\u00f4te d'Emeraude et C\u00f4te de Penthi\u00e8vre\",\"description\":\"La Fr\u00e9heloise, micro-brasserie artisanale en C\u00f4tes d&#039;Armor, produisant des bi\u00e8res bretonnes en Bretagne Nord\",\"publisher\":{\"@id\":\"https:\/\/www.lafreheloise.bzh\/#organization\"},\"potentialAction\":[{\"@type\":\"SearchAction\",\"target\":{\"@type\":\"EntryPoint\",\"urlTemplate\":\"https:\/\/www.lafreheloise.bzh\/?s={search_term_string}\"},\"query-input\":{\"@type\":\"PropertyValueSpecification\",\"valueRequired\":true,\"valueName\":\"search_term_string\"}}],\"inLanguage\":\"en-GB\"},{\"@type\":\"Organization\",\"@id\":\"https:\/\/www.lafreheloise.bzh\/#organization\",\"name\":\"La Fr\u00e9heloise, brasserie entre C\u00f4te d'Emeraude et C\u00f4te de Penthi\u00e8vre\",\"url\":\"https:\/\/www.lafreheloise.bzh\/\",\"logo\":{\"@type\":\"ImageObject\",\"inLanguage\":\"en-GB\",\"@id\":\"https:\/\/www.lafreheloise.bzh\/#\/schema\/logo\/image\/\",\"url\":\"https:\/\/www.lafreheloise.bzh\/wp-content\/uploads\/2021\/12\/Capture-de\u0301cran-2021-12-01-a\u0300-16.52.45-1024x622-2-1.png\",\"contentUrl\":\"https:\/\/www.lafreheloise.bzh\/wp-content\/uploads\/2021\/12\/Capture-de\u0301cran-2021-12-01-a\u0300-16.52.45-1024x622-2-1.png\",\"width\":1024,\"height\":622,\"caption\":\"La Fr\u00e9heloise, brasserie entre C\u00f4te d'Emeraude et C\u00f4te de Penthi\u00e8vre\"},\"image\":{\"@id\":\"https:\/\/www.lafreheloise.bzh\/#\/schema\/logo\/image\/\"},\"sameAs\":[\"https:\/\/www.facebook.com\/Bieres-Frehel\",\"https:\/\/www.instagram.com\/lafreheloise\/\"]},{\"@type\":\"Person\",\"@id\":\"https:\/\/www.lafreheloise.bzh\/#\/schema\/person\/630dd96f2b91b1ce220d6dda79bdf92c\",\"name\":\"Youenn\",\"image\":{\"@type\":\"ImageObject\",\"inLanguage\":\"en-GB\",\"@id\":\"https:\/\/www.lafreheloise.bzh\/#\/schema\/person\/image\/\",\"url\":\"https:\/\/secure.gravatar.com\/avatar\/00da6167f536a93c495c47df9a6a4e2feef69a54d069365140df0603d062e570?s=96&d=mm&r=g\",\"contentUrl\":\"https:\/\/secure.gravatar.com\/avatar\/00da6167f536a93c495c47df9a6a4e2feef69a54d069365140df0603d062e570?s=96&d=mm&r=g\",\"caption\":\"Youenn\"},\"url\":\"https:\/\/www.lafreheloise.bzh\/en\/author\/youennlafreheloise\/\"}]}<\/script>\n<!-- \/ Yoast SEO plugin. -->","yoast_head_json":{"title":"Une bi\u00e8re de Collab' avec le Mar'Mousse - La Fr\u00e9heloise, micro-brasserie artisanale en C\u00f4tes d&#039;Armor, produisant des bi\u00e8res bretonnes en Bretagne Nord","robots":{"index":"index","follow":"follow","max-snippet":"max-snippet:-1","max-image-preview":"max-image-preview:large","max-video-preview":"max-video-preview:-1"},"canonical":"https:\/\/www.lafreheloise.bzh\/en\/2023\/07\/29\/une-biere-de-collab-avec-le-marmousse\/","og_locale":"en_GB","og_type":"article","og_title":"Une bi\u00e8re de Collab' avec le Mar'Mousse - La Fr\u00e9heloise, micro-brasserie artisanale en C\u00f4tes d&#039;Armor, produisant des bi\u00e8res bretonnes en Bretagne Nord","og_description":"Cette semaine, nous avons accueilli l&rsquo;\u00e9quipe du Mar&rsquo;Mousse durant une journ\u00e9ee de brassin; objetcitf de cette collab&rsquo; : brasser une nouvelle recette, notamment en vue de la future Redadeg. Mercredi, c&rsquo;est donc Mathias, Tudwal, Marine et Patrice qui sont venus. Sit\u00f4t arriv\u00e9s, sit\u00f4t un caf\u00e9 , et&#8230;c&rsquo;est parti ! On s&rsquo;est mis d&rsquo;accord sur la [&hellip;]","og_url":"https:\/\/www.lafreheloise.bzh\/en\/2023\/07\/29\/une-biere-de-collab-avec-le-marmousse\/","og_site_name":"La Fr\u00e9heloise, micro-brasserie artisanale en C\u00f4tes d&#039;Armor, produisant des bi\u00e8res bretonnes en Bretagne Nord","article_publisher":"https:\/\/www.facebook.com\/Bieres-Frehel","article_published_time":"2023-07-29T10:18:27+00:00","article_modified_time":"2023-07-29T10:18:33+00:00","og_image":[{"width":1600,"height":1200,"url":"https:\/\/www.lafreheloise.bzh\/wp-content\/uploads\/2023\/07\/IMG_20230726_091348.jpg","type":"image\/jpeg"}],"author":"Youenn","twitter_card":"summary_large_image","twitter_misc":{"Written by":"Youenn","Estimated reading time":"1 minute"},"schema":{"@context":"https:\/\/schema.org","@graph":[{"@type":"Article","@id":"https:\/\/www.lafreheloise.bzh\/2023\/07\/29\/une-biere-de-collab-avec-le-marmousse\/#article","isPartOf":{"@id":"https:\/\/www.lafreheloise.bzh\/2023\/07\/29\/une-biere-de-collab-avec-le-marmousse\/"},"author":{"name":"Youenn","@id":"https:\/\/www.lafreheloise.bzh\/#\/schema\/person\/630dd96f2b91b1ce220d6dda79bdf92c"},"headline":"Une bi\u00e8re de Collab&rsquo; avec le Mar&rsquo;Mousse","datePublished":"2023-07-29T10:18:27+00:00","dateModified":"2023-07-29T10:18:33+00:00","mainEntityOfPage":{"@id":"https:\/\/www.lafreheloise.bzh\/2023\/07\/29\/une-biere-de-collab-avec-le-marmousse\/"},"wordCount":142,"commentCount":0,"publisher":{"@id":"https:\/\/www.lafreheloise.bzh\/#organization"},"image":{"@id":"https:\/\/www.lafreheloise.bzh\/2023\/07\/29\/une-biere-de-collab-avec-le-marmousse\/#primaryimage"},"thumbnailUrl":"https:\/\/www.lafreheloise.bzh\/wp-content\/uploads\/2023\/07\/IMG_20230726_091348.jpg","articleSection":["Uncategorized"],"inLanguage":"en-GB","potentialAction":[{"@type":"CommentAction","name":"Comment","target":["https:\/\/www.lafreheloise.bzh\/2023\/07\/29\/une-biere-de-collab-avec-le-marmousse\/#respond"]}]},{"@type":"WebPage","@id":"https:\/\/www.lafreheloise.bzh\/2023\/07\/29\/une-biere-de-collab-avec-le-marmousse\/","url":"https:\/\/www.lafreheloise.bzh\/2023\/07\/29\/une-biere-de-collab-avec-le-marmousse\/","name":"Une bi\u00e8re de Collab' avec le Mar'Mousse - La Fr\u00e9heloise, micro-brasserie artisanale en C\u00f4tes d&#039;Armor, produisant des bi\u00e8res bretonnes en Bretagne Nord","isPartOf":{"@id":"https:\/\/www.lafreheloise.bzh\/#website"},"primaryImageOfPage":{"@id":"https:\/\/www.lafreheloise.bzh\/2023\/07\/29\/une-biere-de-collab-avec-le-marmousse\/#primaryimage"},"image":{"@id":"https:\/\/www.lafreheloise.bzh\/2023\/07\/29\/une-biere-de-collab-avec-le-marmousse\/#primaryimage"},"thumbnailUrl":"https:\/\/www.lafreheloise.bzh\/wp-content\/uploads\/2023\/07\/IMG_20230726_091348.jpg","datePublished":"2023-07-29T10:18:27+00:00","dateModified":"2023-07-29T10:18:33+00:00","breadcrumb":{"@id":"https:\/\/www.lafreheloise.bzh\/2023\/07\/29\/une-biere-de-collab-avec-le-marmousse\/#breadcrumb"},"inLanguage":"en-GB","potentialAction":[{"@type":"ReadAction","target":["https:\/\/www.lafreheloise.bzh\/2023\/07\/29\/une-biere-de-collab-avec-le-marmousse\/"]}]},{"@type":"ImageObject","inLanguage":"en-GB","@id":"https:\/\/www.lafreheloise.bzh\/2023\/07\/29\/une-biere-de-collab-avec-le-marmousse\/#primaryimage","url":"https:\/\/www.lafreheloise.bzh\/wp-content\/uploads\/2023\/07\/IMG_20230726_091348.jpg","contentUrl":"https:\/\/www.lafreheloise.bzh\/wp-content\/uploads\/2023\/07\/IMG_20230726_091348.jpg","width":1600,"height":1200},{"@type":"BreadcrumbList","@id":"https:\/\/www.lafreheloise.bzh\/2023\/07\/29\/une-biere-de-collab-avec-le-marmousse\/#breadcrumb","itemListElement":[{"@type":"ListItem","position":1,"name":"Accueil","item":"https:\/\/www.lafreheloise.bzh\/"},{"@type":"ListItem","position":2,"name":"Une bi\u00e8re de Collab&#8217; avec le Mar&#8217;Mousse"}]},{"@type":"WebSite","@id":"https:\/\/www.lafreheloise.bzh\/#website","url":"https:\/\/www.lafreheloise.bzh\/","name":"La Fr\u00e9heloise, brasserie entre C\u00f4te d'Emeraude et C\u00f4te de Penthi\u00e8vre","description":"La Fr\u00e9heloise, micro-brasserie artisanale en C\u00f4tes d&#039;Armor, produisant des bi\u00e8res bretonnes en Bretagne Nord","publisher":{"@id":"https:\/\/www.lafreheloise.bzh\/#organization"},"potentialAction":[{"@type":"SearchAction","target":{"@type":"EntryPoint","urlTemplate":"https:\/\/www.lafreheloise.bzh\/?s={search_term_string}"},"query-input":{"@type":"PropertyValueSpecification","valueRequired":true,"valueName":"search_term_string"}}],"inLanguage":"en-GB"},{"@type":"Organization","@id":"https:\/\/www.lafreheloise.bzh\/#organization","name":"La Fr\u00e9heloise, brasserie entre C\u00f4te d'Emeraude et C\u00f4te de Penthi\u00e8vre","url":"https:\/\/www.lafreheloise.bzh\/","logo":{"@type":"ImageObject","inLanguage":"en-GB","@id":"https:\/\/www.lafreheloise.bzh\/#\/schema\/logo\/image\/","url":"https:\/\/www.lafreheloise.bzh\/wp-content\/uploads\/2021\/12\/Capture-de\u0301cran-2021-12-01-a\u0300-16.52.45-1024x622-2-1.png","contentUrl":"https:\/\/www.lafreheloise.bzh\/wp-content\/uploads\/2021\/12\/Capture-de\u0301cran-2021-12-01-a\u0300-16.52.45-1024x622-2-1.png","width":1024,"height":622,"caption":"La Fr\u00e9heloise, brasserie entre C\u00f4te d'Emeraude et C\u00f4te de Penthi\u00e8vre"},"image":{"@id":"https:\/\/www.lafreheloise.bzh\/#\/schema\/logo\/image\/"},"sameAs":["https:\/\/www.facebook.com\/Bieres-Frehel","https:\/\/www.instagram.com\/lafreheloise\/"]},{"@type":"Person","@id":"https:\/\/www.lafreheloise.bzh\/#\/schema\/person\/630dd96f2b91b1ce220d6dda79bdf92c","name":"Youenn","image":{"@type":"ImageObject","inLanguage":"en-GB","@id":"https:\/\/www.lafreheloise.bzh\/#\/schema\/person\/image\/","url":"https:\/\/secure.gravatar.com\/avatar\/00da6167f536a93c495c47df9a6a4e2feef69a54d069365140df0603d062e570?s=96&d=mm&r=g","contentUrl":"https:\/\/secure.gravatar.com\/avatar\/00da6167f536a93c495c47df9a6a4e2feef69a54d069365140df0603d062e570?s=96&d=mm&r=g","caption":"Youenn"},"url":"https:\/\/www.lafreheloise.bzh\/en\/author\/youennlafreheloise\/"}]}},"jetpack_featured_media_url":"https:\/\/www.lafreheloise.bzh\/wp-content\/uploads\/2023\/07\/IMG_20230726_091348.jpg","jetpack_sharing_enabled":true,"_links":{"self":[{"href":"https:\/\/www.lafreheloise.bzh\/en\/wp-json\/wp\/v2\/posts\/1453","targetHints":{"allow":["GET"]}}],"collection":[{"href":"https:\/\/www.lafreheloise.bzh\/en\/wp-json\/wp\/v2\/posts"}],"about":[{"href":"https:\/\/www.lafreheloise.bzh\/en\/wp-json\/wp\/v2\/types\/post"}],"author":[{"embeddable":true,"href":"https:\/\/www.lafreheloise.bzh\/en\/wp-json\/wp\/v2\/users\/4"}],"replies":[{"embeddable":true,"href":"https:\/\/www.lafreheloise.bzh\/en\/wp-json\/wp\/v2\/comments?post=1453"}],"version-history":[{"count":1,"href":"https:\/\/www.lafreheloise.bzh\/en\/wp-json\/wp\/v2\/posts\/1453\/revisions"}],"predecessor-version":[{"id":1455,"href":"https:\/\/www.lafreheloise.bzh\/en\/wp-json\/wp\/v2\/posts\/1453\/revisions\/1455"}],"wp:featuredmedia":[{"embeddable":true,"href":"https:\/\/www.lafreheloise.bzh\/en\/wp-json\/wp\/v2\/media\/1454"}],"wp:attachment":[{"href":"https:\/\/www.lafreheloise.bzh\/en\/wp-json\/wp\/v2\/media?parent=1453"}],"wp:term":[{"taxonomy":"category","embeddable":true,"href":"https:\/\/www.lafreheloise.bzh\/en\/wp-json\/wp\/v2\/categories?post=1453"},{"taxonomy":"post_tag","embeddable":true,"href":"https:\/\/www.lafreheloise.bzh\/en\/wp-json\/wp\/v2\/tags?post=1453"}],"curies":[{"name":"wp","href":"https:\/\/api.w.org\/{rel}","templated":true}]}}