{"id":1445,"date":"2023-04-30T19:06:38","date_gmt":"2023-04-30T19:06:38","guid":{"rendered":"https:\/\/www.lafreheloise.bzh\/?p=1445"},"modified":"2023-04-30T19:17:23","modified_gmt":"2023-04-30T19:17:23","slug":"ca-bouge-a-la-freheloise","status":"publish","type":"post","link":"https:\/\/www.lafreheloise.bzh\/en\/2023\/04\/30\/ca-bouge-a-la-freheloise\/","title":{"rendered":"La Fr\u00e9heloise at work!"},"content":{"rendered":"<p>2023 sera une ann\u00e9e de transition. Depuis son lacement en 2018, la micro-brasserie a connu une croissance r\u00e9guli\u00e8re et depuis deux ans, il est devenu n\u00e9cessaire d&rsquo;envisager la suite.<\/p>\n\n\n\n<figure class=\"wp-block-image size-large\"><img fetchpriority=\"high\" decoding=\"async\" width=\"1024\" height=\"768\" src=\"https:\/\/www.lafreheloise.bzh\/wp-content\/uploads\/2023\/04\/IMG_1266-1024x768.jpg\" alt=\"\" class=\"wp-image-1448\" srcset=\"https:\/\/www.lafreheloise.bzh\/wp-content\/uploads\/2023\/04\/IMG_1266-1024x768.jpg 1024w, https:\/\/www.lafreheloise.bzh\/wp-content\/uploads\/2023\/04\/IMG_1266-300x225.jpg 300w, https:\/\/www.lafreheloise.bzh\/wp-content\/uploads\/2023\/04\/IMG_1266-768x576.jpg 768w, https:\/\/www.lafreheloise.bzh\/wp-content\/uploads\/2023\/04\/IMG_1266-1536x1152.jpg 1536w, https:\/\/www.lafreheloise.bzh\/wp-content\/uploads\/2023\/04\/IMG_1266-2048x1536.jpg 2048w, https:\/\/www.lafreheloise.bzh\/wp-content\/uploads\/2023\/04\/IMG_1266-16x12.jpg 16w, https:\/\/www.lafreheloise.bzh\/wp-content\/uploads\/2023\/04\/IMG_1266-1320x990.jpg 1320w, https:\/\/www.lafreheloise.bzh\/wp-content\/uploads\/2023\/04\/IMG_1266-600x450.jpg 600w\" sizes=\"(max-width: 1024px) 100vw, 1024px\" \/><\/figure>\n\n\n\n<p>The project plans to double our production area ...<\/p>\n\n\n\n<p>Depuis l&rsquo;acquisition de la parcelle voisine, il y a quelques, le mois d&rsquo;Avril a vu se d\u00e9rouler les travaux pr\u00e9liminaires: \u00e9tude de sol, terrassement, etc&#8230;\u00a0<\/p>\n\n\n\n<figure class=\"wp-block-image size-large\"><img decoding=\"async\" width=\"1024\" height=\"768\" data-src=\"https:\/\/www.lafreheloise.bzh\/wp-content\/uploads\/2023\/04\/IMG_1244-1024x768.jpg\" alt=\"\" class=\"wp-image-1446 lazyload\" data-srcset=\"https:\/\/www.lafreheloise.bzh\/wp-content\/uploads\/2023\/04\/IMG_1244-1024x768.jpg 1024w, https:\/\/www.lafreheloise.bzh\/wp-content\/uploads\/2023\/04\/IMG_1244-300x225.jpg 300w, https:\/\/www.lafreheloise.bzh\/wp-content\/uploads\/2023\/04\/IMG_1244-768x576.jpg 768w, https:\/\/www.lafreheloise.bzh\/wp-content\/uploads\/2023\/04\/IMG_1244-1536x1152.jpg 1536w, https:\/\/www.lafreheloise.bzh\/wp-content\/uploads\/2023\/04\/IMG_1244-2048x1536.jpg 2048w, https:\/\/www.lafreheloise.bzh\/wp-content\/uploads\/2023\/04\/IMG_1244-16x12.jpg 16w, https:\/\/www.lafreheloise.bzh\/wp-content\/uploads\/2023\/04\/IMG_1244-1320x990.jpg 1320w, https:\/\/www.lafreheloise.bzh\/wp-content\/uploads\/2023\/04\/IMG_1244-600x450.jpg 600w\" data-sizes=\"(max-width: 1024px) 100vw, 1024px\" src=\"data:image\/svg+xml;base64,PHN2ZyB3aWR0aD0iMSIgaGVpZ2h0PSIxIiB4bWxucz0iaHR0cDovL3d3dy53My5vcmcvMjAwMC9zdmciPjwvc3ZnPg==\" style=\"--smush-placeholder-width: 1024px; --smush-placeholder-aspect-ratio: 1024\/768;\" \/><\/figure>\n\n\n\n<p>To be continued<\/p>","protected":false},"excerpt":{"rendered":"<p>2023 sera une ann\u00e9e de transition. Depuis son lacement en 2018, la micro-brasserie a connu une croissance r\u00e9guli\u00e8re et depuis deux ans, il est devenu n\u00e9cessaire d&rsquo;envisager la suite. Le projet pr\u00e9voit de doubler notre surface de production &#8230; Depuis l&rsquo;acquisition de la parcelle voisine, il y a quelques, le mois d&rsquo;Avril a vu se [&hellip;]<\/p>","protected":false},"author":4,"featured_media":1448,"comment_status":"open","ping_status":"open","sticky":false,"template":"","format":"standard","meta":{"jetpack_post_was_ever_published":false,"_jetpack_newsletter_access":"","_jetpack_dont_email_post_to_subs":false,"_jetpack_newsletter_tier_id":0,"_jetpack_memberships_contains_paywalled_content":false,"_jetpack_memberships_contains_paid_content":false,"footnotes":""},"categories":[1],"tags":[],"class_list":["post-1445","post","type-post","status-publish","format-standard","has-post-thumbnail","hentry","category-uncategorized"],"yoast_head":"<!-- This site is optimized with the Yoast SEO plugin v26.6 - https:\/\/yoast.com\/wordpress\/plugins\/seo\/ -->\n<title>Ca bouge \u00e0 la Fr\u00e9heloise ! - La Fr\u00e9heloise, micro-brasserie artisanale en C\u00f4tes d&#039;Armor, produisant des bi\u00e8res bretonnes en Bretagne Nord<\/title>\n<meta name=\"robots\" content=\"index, follow, max-snippet:-1, max-image-preview:large, max-video-preview:-1\" \/>\n<link rel=\"canonical\" href=\"https:\/\/www.lafreheloise.bzh\/en\/2023\/04\/30\/ca-bouge-a-la-freheloise\/\" \/>\n<meta property=\"og:locale\" content=\"en_GB\" \/>\n<meta property=\"og:type\" content=\"article\" \/>\n<meta property=\"og:title\" content=\"Ca bouge \u00e0 la Fr\u00e9heloise ! - La Fr\u00e9heloise, micro-brasserie artisanale en C\u00f4tes d&#039;Armor, produisant des bi\u00e8res bretonnes en Bretagne Nord\" \/>\n<meta property=\"og:description\" content=\"2023 sera une ann\u00e9e de transition. Depuis son lacement en 2018, la micro-brasserie a connu une croissance r\u00e9guli\u00e8re et depuis deux ans, il est devenu n\u00e9cessaire d&rsquo;envisager la suite. Le projet pr\u00e9voit de doubler notre surface de production &#8230; Depuis l&rsquo;acquisition de la parcelle voisine, il y a quelques, le mois d&rsquo;Avril a vu se [&hellip;]\" \/>\n<meta property=\"og:url\" content=\"https:\/\/www.lafreheloise.bzh\/en\/2023\/04\/30\/ca-bouge-a-la-freheloise\/\" \/>\n<meta property=\"og:site_name\" content=\"La Fr\u00e9heloise, micro-brasserie artisanale en C\u00f4tes d&#039;Armor, produisant des bi\u00e8res bretonnes en Bretagne Nord\" \/>\n<meta property=\"article:publisher\" content=\"https:\/\/www.facebook.com\/Bieres-Frehel\" \/>\n<meta property=\"article:published_time\" content=\"2023-04-30T19:06:38+00:00\" \/>\n<meta property=\"article:modified_time\" content=\"2023-04-30T19:17:23+00:00\" \/>\n<meta property=\"og:image\" content=\"https:\/\/www.lafreheloise.bzh\/wp-content\/uploads\/2023\/04\/IMG_1266-scaled.jpg\" \/>\n\t<meta property=\"og:image:width\" content=\"2560\" \/>\n\t<meta property=\"og:image:height\" content=\"1920\" \/>\n\t<meta property=\"og:image:type\" content=\"image\/jpeg\" \/>\n<meta name=\"author\" content=\"Youenn\" \/>\n<meta name=\"twitter:card\" content=\"summary_large_image\" \/>\n<meta name=\"twitter:label1\" content=\"Written by\" \/>\n\t<meta name=\"twitter:data1\" content=\"Youenn\" \/>\n<script type=\"application\/ld+json\" class=\"yoast-schema-graph\">{\"@context\":\"https:\/\/schema.org\",\"@graph\":[{\"@type\":\"Article\",\"@id\":\"https:\/\/www.lafreheloise.bzh\/2023\/04\/30\/ca-bouge-a-la-freheloise\/#article\",\"isPartOf\":{\"@id\":\"https:\/\/www.lafreheloise.bzh\/2023\/04\/30\/ca-bouge-a-la-freheloise\/\"},\"author\":{\"name\":\"Youenn\",\"@id\":\"https:\/\/www.lafreheloise.bzh\/#\/schema\/person\/630dd96f2b91b1ce220d6dda79bdf92c\"},\"headline\":\"Ca bouge \u00e0 la Fr\u00e9heloise !\",\"datePublished\":\"2023-04-30T19:06:38+00:00\",\"dateModified\":\"2023-04-30T19:17:23+00:00\",\"mainEntityOfPage\":{\"@id\":\"https:\/\/www.lafreheloise.bzh\/2023\/04\/30\/ca-bouge-a-la-freheloise\/\"},\"wordCount\":78,\"commentCount\":0,\"publisher\":{\"@id\":\"https:\/\/www.lafreheloise.bzh\/#organization\"},\"image\":{\"@id\":\"https:\/\/www.lafreheloise.bzh\/2023\/04\/30\/ca-bouge-a-la-freheloise\/#primaryimage\"},\"thumbnailUrl\":\"https:\/\/www.lafreheloise.bzh\/wp-content\/uploads\/2023\/04\/IMG_1266-scaled.jpg\",\"articleSection\":[\"Uncategorized\"],\"inLanguage\":\"en-GB\",\"potentialAction\":[{\"@type\":\"CommentAction\",\"name\":\"Comment\",\"target\":[\"https:\/\/www.lafreheloise.bzh\/2023\/04\/30\/ca-bouge-a-la-freheloise\/#respond\"]}]},{\"@type\":\"WebPage\",\"@id\":\"https:\/\/www.lafreheloise.bzh\/2023\/04\/30\/ca-bouge-a-la-freheloise\/\",\"url\":\"https:\/\/www.lafreheloise.bzh\/2023\/04\/30\/ca-bouge-a-la-freheloise\/\",\"name\":\"Ca bouge \u00e0 la Fr\u00e9heloise ! - La Fr\u00e9heloise, micro-brasserie artisanale en C\u00f4tes d&#039;Armor, produisant des bi\u00e8res bretonnes en Bretagne Nord\",\"isPartOf\":{\"@id\":\"https:\/\/www.lafreheloise.bzh\/#website\"},\"primaryImageOfPage\":{\"@id\":\"https:\/\/www.lafreheloise.bzh\/2023\/04\/30\/ca-bouge-a-la-freheloise\/#primaryimage\"},\"image\":{\"@id\":\"https:\/\/www.lafreheloise.bzh\/2023\/04\/30\/ca-bouge-a-la-freheloise\/#primaryimage\"},\"thumbnailUrl\":\"https:\/\/www.lafreheloise.bzh\/wp-content\/uploads\/2023\/04\/IMG_1266-scaled.jpg\",\"datePublished\":\"2023-04-30T19:06:38+00:00\",\"dateModified\":\"2023-04-30T19:17:23+00:00\",\"breadcrumb\":{\"@id\":\"https:\/\/www.lafreheloise.bzh\/2023\/04\/30\/ca-bouge-a-la-freheloise\/#breadcrumb\"},\"inLanguage\":\"en-GB\",\"potentialAction\":[{\"@type\":\"ReadAction\",\"target\":[\"https:\/\/www.lafreheloise.bzh\/2023\/04\/30\/ca-bouge-a-la-freheloise\/\"]}]},{\"@type\":\"ImageObject\",\"inLanguage\":\"en-GB\",\"@id\":\"https:\/\/www.lafreheloise.bzh\/2023\/04\/30\/ca-bouge-a-la-freheloise\/#primaryimage\",\"url\":\"https:\/\/www.lafreheloise.bzh\/wp-content\/uploads\/2023\/04\/IMG_1266-scaled.jpg\",\"contentUrl\":\"https:\/\/www.lafreheloise.bzh\/wp-content\/uploads\/2023\/04\/IMG_1266-scaled.jpg\",\"width\":2560,\"height\":1920},{\"@type\":\"BreadcrumbList\",\"@id\":\"https:\/\/www.lafreheloise.bzh\/2023\/04\/30\/ca-bouge-a-la-freheloise\/#breadcrumb\",\"itemListElement\":[{\"@type\":\"ListItem\",\"position\":1,\"name\":\"Accueil\",\"item\":\"https:\/\/www.lafreheloise.bzh\/\"},{\"@type\":\"ListItem\",\"position\":2,\"name\":\"Ca bouge \u00e0 la Fr\u00e9heloise !\"}]},{\"@type\":\"WebSite\",\"@id\":\"https:\/\/www.lafreheloise.bzh\/#website\",\"url\":\"https:\/\/www.lafreheloise.bzh\/\",\"name\":\"La Fr\u00e9heloise, brasserie entre C\u00f4te d'Emeraude et C\u00f4te de Penthi\u00e8vre\",\"description\":\"La Fr\u00e9heloise, micro-brasserie artisanale en C\u00f4tes d&#039;Armor, produisant des bi\u00e8res bretonnes en Bretagne Nord\",\"publisher\":{\"@id\":\"https:\/\/www.lafreheloise.bzh\/#organization\"},\"potentialAction\":[{\"@type\":\"SearchAction\",\"target\":{\"@type\":\"EntryPoint\",\"urlTemplate\":\"https:\/\/www.lafreheloise.bzh\/?s={search_term_string}\"},\"query-input\":{\"@type\":\"PropertyValueSpecification\",\"valueRequired\":true,\"valueName\":\"search_term_string\"}}],\"inLanguage\":\"en-GB\"},{\"@type\":\"Organization\",\"@id\":\"https:\/\/www.lafreheloise.bzh\/#organization\",\"name\":\"La Fr\u00e9heloise, brasserie entre C\u00f4te d'Emeraude et C\u00f4te de Penthi\u00e8vre\",\"url\":\"https:\/\/www.lafreheloise.bzh\/\",\"logo\":{\"@type\":\"ImageObject\",\"inLanguage\":\"en-GB\",\"@id\":\"https:\/\/www.lafreheloise.bzh\/#\/schema\/logo\/image\/\",\"url\":\"https:\/\/www.lafreheloise.bzh\/wp-content\/uploads\/2021\/12\/Capture-de\u0301cran-2021-12-01-a\u0300-16.52.45-1024x622-2-1.png\",\"contentUrl\":\"https:\/\/www.lafreheloise.bzh\/wp-content\/uploads\/2021\/12\/Capture-de\u0301cran-2021-12-01-a\u0300-16.52.45-1024x622-2-1.png\",\"width\":1024,\"height\":622,\"caption\":\"La Fr\u00e9heloise, brasserie entre C\u00f4te d'Emeraude et C\u00f4te de Penthi\u00e8vre\"},\"image\":{\"@id\":\"https:\/\/www.lafreheloise.bzh\/#\/schema\/logo\/image\/\"},\"sameAs\":[\"https:\/\/www.facebook.com\/Bieres-Frehel\",\"https:\/\/www.instagram.com\/lafreheloise\/\"]},{\"@type\":\"Person\",\"@id\":\"https:\/\/www.lafreheloise.bzh\/#\/schema\/person\/630dd96f2b91b1ce220d6dda79bdf92c\",\"name\":\"Youenn\",\"image\":{\"@type\":\"ImageObject\",\"inLanguage\":\"en-GB\",\"@id\":\"https:\/\/www.lafreheloise.bzh\/#\/schema\/person\/image\/\",\"url\":\"https:\/\/secure.gravatar.com\/avatar\/00da6167f536a93c495c47df9a6a4e2feef69a54d069365140df0603d062e570?s=96&d=mm&r=g\",\"contentUrl\":\"https:\/\/secure.gravatar.com\/avatar\/00da6167f536a93c495c47df9a6a4e2feef69a54d069365140df0603d062e570?s=96&d=mm&r=g\",\"caption\":\"Youenn\"},\"url\":\"https:\/\/www.lafreheloise.bzh\/en\/author\/youennlafreheloise\/\"}]}<\/script>\n<!-- \/ Yoast SEO plugin. -->","yoast_head_json":{"title":"Ca bouge \u00e0 la Fr\u00e9heloise ! - La Fr\u00e9heloise, micro-brasserie artisanale en C\u00f4tes d&#039;Armor, produisant des bi\u00e8res bretonnes en Bretagne Nord","robots":{"index":"index","follow":"follow","max-snippet":"max-snippet:-1","max-image-preview":"max-image-preview:large","max-video-preview":"max-video-preview:-1"},"canonical":"https:\/\/www.lafreheloise.bzh\/en\/2023\/04\/30\/ca-bouge-a-la-freheloise\/","og_locale":"en_GB","og_type":"article","og_title":"Ca bouge \u00e0 la Fr\u00e9heloise ! - La Fr\u00e9heloise, micro-brasserie artisanale en C\u00f4tes d&#039;Armor, produisant des bi\u00e8res bretonnes en Bretagne Nord","og_description":"2023 sera une ann\u00e9e de transition. Depuis son lacement en 2018, la micro-brasserie a connu une croissance r\u00e9guli\u00e8re et depuis deux ans, il est devenu n\u00e9cessaire d&rsquo;envisager la suite. Le projet pr\u00e9voit de doubler notre surface de production &#8230; Depuis l&rsquo;acquisition de la parcelle voisine, il y a quelques, le mois d&rsquo;Avril a vu se [&hellip;]","og_url":"https:\/\/www.lafreheloise.bzh\/en\/2023\/04\/30\/ca-bouge-a-la-freheloise\/","og_site_name":"La Fr\u00e9heloise, micro-brasserie artisanale en C\u00f4tes d&#039;Armor, produisant des bi\u00e8res bretonnes en Bretagne Nord","article_publisher":"https:\/\/www.facebook.com\/Bieres-Frehel","article_published_time":"2023-04-30T19:06:38+00:00","article_modified_time":"2023-04-30T19:17:23+00:00","og_image":[{"width":2560,"height":1920,"url":"https:\/\/www.lafreheloise.bzh\/wp-content\/uploads\/2023\/04\/IMG_1266-scaled.jpg","type":"image\/jpeg"}],"author":"Youenn","twitter_card":"summary_large_image","twitter_misc":{"Written by":"Youenn"},"schema":{"@context":"https:\/\/schema.org","@graph":[{"@type":"Article","@id":"https:\/\/www.lafreheloise.bzh\/2023\/04\/30\/ca-bouge-a-la-freheloise\/#article","isPartOf":{"@id":"https:\/\/www.lafreheloise.bzh\/2023\/04\/30\/ca-bouge-a-la-freheloise\/"},"author":{"name":"Youenn","@id":"https:\/\/www.lafreheloise.bzh\/#\/schema\/person\/630dd96f2b91b1ce220d6dda79bdf92c"},"headline":"Ca bouge \u00e0 la Fr\u00e9heloise !","datePublished":"2023-04-30T19:06:38+00:00","dateModified":"2023-04-30T19:17:23+00:00","mainEntityOfPage":{"@id":"https:\/\/www.lafreheloise.bzh\/2023\/04\/30\/ca-bouge-a-la-freheloise\/"},"wordCount":78,"commentCount":0,"publisher":{"@id":"https:\/\/www.lafreheloise.bzh\/#organization"},"image":{"@id":"https:\/\/www.lafreheloise.bzh\/2023\/04\/30\/ca-bouge-a-la-freheloise\/#primaryimage"},"thumbnailUrl":"https:\/\/www.lafreheloise.bzh\/wp-content\/uploads\/2023\/04\/IMG_1266-scaled.jpg","articleSection":["Uncategorized"],"inLanguage":"en-GB","potentialAction":[{"@type":"CommentAction","name":"Comment","target":["https:\/\/www.lafreheloise.bzh\/2023\/04\/30\/ca-bouge-a-la-freheloise\/#respond"]}]},{"@type":"WebPage","@id":"https:\/\/www.lafreheloise.bzh\/2023\/04\/30\/ca-bouge-a-la-freheloise\/","url":"https:\/\/www.lafreheloise.bzh\/2023\/04\/30\/ca-bouge-a-la-freheloise\/","name":"Ca bouge \u00e0 la Fr\u00e9heloise ! - La Fr\u00e9heloise, micro-brasserie artisanale en C\u00f4tes d&#039;Armor, produisant des bi\u00e8res bretonnes en Bretagne Nord","isPartOf":{"@id":"https:\/\/www.lafreheloise.bzh\/#website"},"primaryImageOfPage":{"@id":"https:\/\/www.lafreheloise.bzh\/2023\/04\/30\/ca-bouge-a-la-freheloise\/#primaryimage"},"image":{"@id":"https:\/\/www.lafreheloise.bzh\/2023\/04\/30\/ca-bouge-a-la-freheloise\/#primaryimage"},"thumbnailUrl":"https:\/\/www.lafreheloise.bzh\/wp-content\/uploads\/2023\/04\/IMG_1266-scaled.jpg","datePublished":"2023-04-30T19:06:38+00:00","dateModified":"2023-04-30T19:17:23+00:00","breadcrumb":{"@id":"https:\/\/www.lafreheloise.bzh\/2023\/04\/30\/ca-bouge-a-la-freheloise\/#breadcrumb"},"inLanguage":"en-GB","potentialAction":[{"@type":"ReadAction","target":["https:\/\/www.lafreheloise.bzh\/2023\/04\/30\/ca-bouge-a-la-freheloise\/"]}]},{"@type":"ImageObject","inLanguage":"en-GB","@id":"https:\/\/www.lafreheloise.bzh\/2023\/04\/30\/ca-bouge-a-la-freheloise\/#primaryimage","url":"https:\/\/www.lafreheloise.bzh\/wp-content\/uploads\/2023\/04\/IMG_1266-scaled.jpg","contentUrl":"https:\/\/www.lafreheloise.bzh\/wp-content\/uploads\/2023\/04\/IMG_1266-scaled.jpg","width":2560,"height":1920},{"@type":"BreadcrumbList","@id":"https:\/\/www.lafreheloise.bzh\/2023\/04\/30\/ca-bouge-a-la-freheloise\/#breadcrumb","itemListElement":[{"@type":"ListItem","position":1,"name":"Accueil","item":"https:\/\/www.lafreheloise.bzh\/"},{"@type":"ListItem","position":2,"name":"Ca bouge \u00e0 la Fr\u00e9heloise !"}]},{"@type":"WebSite","@id":"https:\/\/www.lafreheloise.bzh\/#website","url":"https:\/\/www.lafreheloise.bzh\/","name":"La Fr\u00e9heloise, brasserie entre C\u00f4te d'Emeraude et C\u00f4te de Penthi\u00e8vre","description":"La Fr\u00e9heloise, micro-brasserie artisanale en C\u00f4tes d&#039;Armor, produisant des bi\u00e8res bretonnes en Bretagne Nord","publisher":{"@id":"https:\/\/www.lafreheloise.bzh\/#organization"},"potentialAction":[{"@type":"SearchAction","target":{"@type":"EntryPoint","urlTemplate":"https:\/\/www.lafreheloise.bzh\/?s={search_term_string}"},"query-input":{"@type":"PropertyValueSpecification","valueRequired":true,"valueName":"search_term_string"}}],"inLanguage":"en-GB"},{"@type":"Organization","@id":"https:\/\/www.lafreheloise.bzh\/#organization","name":"La Fr\u00e9heloise, brasserie entre C\u00f4te d'Emeraude et C\u00f4te de Penthi\u00e8vre","url":"https:\/\/www.lafreheloise.bzh\/","logo":{"@type":"ImageObject","inLanguage":"en-GB","@id":"https:\/\/www.lafreheloise.bzh\/#\/schema\/logo\/image\/","url":"https:\/\/www.lafreheloise.bzh\/wp-content\/uploads\/2021\/12\/Capture-de\u0301cran-2021-12-01-a\u0300-16.52.45-1024x622-2-1.png","contentUrl":"https:\/\/www.lafreheloise.bzh\/wp-content\/uploads\/2021\/12\/Capture-de\u0301cran-2021-12-01-a\u0300-16.52.45-1024x622-2-1.png","width":1024,"height":622,"caption":"La Fr\u00e9heloise, brasserie entre C\u00f4te d'Emeraude et C\u00f4te de Penthi\u00e8vre"},"image":{"@id":"https:\/\/www.lafreheloise.bzh\/#\/schema\/logo\/image\/"},"sameAs":["https:\/\/www.facebook.com\/Bieres-Frehel","https:\/\/www.instagram.com\/lafreheloise\/"]},{"@type":"Person","@id":"https:\/\/www.lafreheloise.bzh\/#\/schema\/person\/630dd96f2b91b1ce220d6dda79bdf92c","name":"Youenn","image":{"@type":"ImageObject","inLanguage":"en-GB","@id":"https:\/\/www.lafreheloise.bzh\/#\/schema\/person\/image\/","url":"https:\/\/secure.gravatar.com\/avatar\/00da6167f536a93c495c47df9a6a4e2feef69a54d069365140df0603d062e570?s=96&d=mm&r=g","contentUrl":"https:\/\/secure.gravatar.com\/avatar\/00da6167f536a93c495c47df9a6a4e2feef69a54d069365140df0603d062e570?s=96&d=mm&r=g","caption":"Youenn"},"url":"https:\/\/www.lafreheloise.bzh\/en\/author\/youennlafreheloise\/"}]}},"jetpack_featured_media_url":"https:\/\/www.lafreheloise.bzh\/wp-content\/uploads\/2023\/04\/IMG_1266-scaled.jpg","jetpack_sharing_enabled":true,"_links":{"self":[{"href":"https:\/\/www.lafreheloise.bzh\/en\/wp-json\/wp\/v2\/posts\/1445","targetHints":{"allow":["GET"]}}],"collection":[{"href":"https:\/\/www.lafreheloise.bzh\/en\/wp-json\/wp\/v2\/posts"}],"about":[{"href":"https:\/\/www.lafreheloise.bzh\/en\/wp-json\/wp\/v2\/types\/post"}],"author":[{"embeddable":true,"href":"https:\/\/www.lafreheloise.bzh\/en\/wp-json\/wp\/v2\/users\/4"}],"replies":[{"embeddable":true,"href":"https:\/\/www.lafreheloise.bzh\/en\/wp-json\/wp\/v2\/comments?post=1445"}],"version-history":[{"count":3,"href":"https:\/\/www.lafreheloise.bzh\/en\/wp-json\/wp\/v2\/posts\/1445\/revisions"}],"predecessor-version":[{"id":1450,"href":"https:\/\/www.lafreheloise.bzh\/en\/wp-json\/wp\/v2\/posts\/1445\/revisions\/1450"}],"wp:featuredmedia":[{"embeddable":true,"href":"https:\/\/www.lafreheloise.bzh\/en\/wp-json\/wp\/v2\/media\/1448"}],"wp:attachment":[{"href":"https:\/\/www.lafreheloise.bzh\/en\/wp-json\/wp\/v2\/media?parent=1445"}],"wp:term":[{"taxonomy":"category","embeddable":true,"href":"https:\/\/www.lafreheloise.bzh\/en\/wp-json\/wp\/v2\/categories?post=1445"},{"taxonomy":"post_tag","embeddable":true,"href":"https:\/\/www.lafreheloise.bzh\/en\/wp-json\/wp\/v2\/tags?post=1445"}],"curies":[{"name":"wp","href":"https:\/\/api.w.org\/{rel}","templated":true}]}}