{"id":1421,"date":"2022-10-21T16:26:02","date_gmt":"2022-10-21T16:26:02","guid":{"rendered":"https:\/\/www.lafreheloise.bzh\/?p=1421"},"modified":"2024-11-23T16:17:49","modified_gmt":"2024-11-23T14:17:49","slug":"la-freheloise-en-formation-inox","status":"publish","type":"post","link":"https:\/\/www.lafreheloise.bzh\/en\/2022\/10\/21\/la-freheloise-en-formation-inox\/","title":{"rendered":"La Fr\u00e9heloise on training"},"content":{"rendered":"<div data-elementor-type=\"wp-post\" data-elementor-id=\"1421\" class=\"elementor elementor-1421\" data-elementor-post-type=\"post\">\n\t\t\t\t\t\t<section class=\"elementor-section elementor-top-section elementor-element elementor-element-51bb1bc2 elementor-section-boxed elementor-section-height-default elementor-section-height-default\" data-id=\"51bb1bc2\" data-element_type=\"section\" data-e-type=\"section\">\n\t\t\t\t\t\t<div class=\"elementor-container elementor-column-gap-default\">\n\t\t\t\t\t<div class=\"elementor-column elementor-col-100 elementor-top-column elementor-element elementor-element-5b76d399\" data-id=\"5b76d399\" data-element_type=\"column\" data-e-type=\"column\">\n\t\t\t<div class=\"elementor-widget-wrap elementor-element-populated\">\n\t\t\t\t\t\t<div class=\"elementor-element elementor-element-46dd0255 elementor-widget elementor-widget-text-editor\" data-id=\"46dd0255\" data-element_type=\"widget\" data-e-type=\"widget\" data-widget_type=\"text-editor.default\">\n\t\t\t\t<div class=\"elementor-widget-container\">\n\t\t\t\t\t\t\t\t\t\n<p>This week, the Fr\u00e9heloise brewer took an initial stainless steel welding training (TIG method).<\/p>\n\n\n\n<p>The goal is to acquire the basics of TIG welding to be able to carry out routine work, such as that of the open-source washer project of the Vieux-Singe micro-brewery.&nbsp;<br>Of course, calling in a professional could have been an alternative, and it's not about pretending to be a pro after a week.<br>But for these small jobs, internalizing a skill has many advantages:<br>\u2013 responsiveness, because I work at the pace that suits me<br>\u2013 flexibility, because I do exactly what I want (within the limits of my skills of course)<br>\u2013 cost, because this training is an investment that quickly pays for itself<\/p>\n\n\n\n<p>I would like to thank Anouar Bentahar, from CFAI de Pl\u00e9rin, for his teaching skills and his ability to listen.<\/p>\n\n\n\n<figure class=\"wp-block-image size-large\"><img fetchpriority=\"high\" decoding=\"async\" width=\"1024\" height=\"768\" src=\"https:\/\/www.lafreheloise.bzh\/wp-content\/uploads\/2022\/10\/IMG_20221021_124759_7-1024x768.jpg\" alt=\"\" class=\"wp-image-1423\" srcset=\"https:\/\/www.lafreheloise.bzh\/wp-content\/uploads\/2022\/10\/IMG_20221021_124759_7-1024x768.jpg 1024w, https:\/\/www.lafreheloise.bzh\/wp-content\/uploads\/2022\/10\/IMG_20221021_124759_7-300x225.jpg 300w, https:\/\/www.lafreheloise.bzh\/wp-content\/uploads\/2022\/10\/IMG_20221021_124759_7-768x576.jpg 768w, https:\/\/www.lafreheloise.bzh\/wp-content\/uploads\/2022\/10\/IMG_20221021_124759_7-1536x1152.jpg 1536w, https:\/\/www.lafreheloise.bzh\/wp-content\/uploads\/2022\/10\/IMG_20221021_124759_7-2048x1536.jpg 2048w, https:\/\/www.lafreheloise.bzh\/wp-content\/uploads\/2022\/10\/IMG_20221021_124759_7-16x12.jpg 16w, https:\/\/www.lafreheloise.bzh\/wp-content\/uploads\/2022\/10\/IMG_20221021_124759_7-1320x990.jpg 1320w, https:\/\/www.lafreheloise.bzh\/wp-content\/uploads\/2022\/10\/IMG_20221021_124759_7-600x450.jpg 600w\" sizes=\"(max-width: 1024px) 100vw, 1024px\" \/><figcaption>The man at work ...<\/figcaption><\/figure>\n\n\n\n<figure class=\"wp-block-image size-large\"><img decoding=\"async\" width=\"1024\" height=\"768\" data-src=\"https:\/\/www.lafreheloise.bzh\/wp-content\/uploads\/2022\/10\/IMG_20221021_171711_2-1024x768.jpg\" alt=\"\" class=\"wp-image-1422 lazyload\" data-srcset=\"https:\/\/www.lafreheloise.bzh\/wp-content\/uploads\/2022\/10\/IMG_20221021_171711_2-1024x768.jpg 1024w, https:\/\/www.lafreheloise.bzh\/wp-content\/uploads\/2022\/10\/IMG_20221021_171711_2-300x225.jpg 300w, https:\/\/www.lafreheloise.bzh\/wp-content\/uploads\/2022\/10\/IMG_20221021_171711_2-768x576.jpg 768w, https:\/\/www.lafreheloise.bzh\/wp-content\/uploads\/2022\/10\/IMG_20221021_171711_2-1536x1152.jpg 1536w, https:\/\/www.lafreheloise.bzh\/wp-content\/uploads\/2022\/10\/IMG_20221021_171711_2-2048x1536.jpg 2048w, https:\/\/www.lafreheloise.bzh\/wp-content\/uploads\/2022\/10\/IMG_20221021_171711_2-16x12.jpg 16w, https:\/\/www.lafreheloise.bzh\/wp-content\/uploads\/2022\/10\/IMG_20221021_171711_2-1320x990.jpg 1320w, https:\/\/www.lafreheloise.bzh\/wp-content\/uploads\/2022\/10\/IMG_20221021_171711_2-600x450.jpg 600w\" data-sizes=\"(max-width: 1024px) 100vw, 1024px\" src=\"data:image\/svg+xml;base64,PHN2ZyB3aWR0aD0iMSIgaGVpZ2h0PSIxIiB4bWxucz0iaHR0cDovL3d3dy53My5vcmcvMjAwMC9zdmciPjwvc3ZnPg==\" style=\"--smush-placeholder-width: 1024px; --smush-placeholder-aspect-ratio: 1024\/768;\" \/><figcaption>Here it is !<\/figcaption><\/figure>\n\t\t\t\t\t\t\t\t<\/div>\n\t\t\t\t<\/div>\n\t\t\t\t\t<\/div>\n\t\t<\/div>\n\t\t\t\t\t<\/div>\n\t\t<\/section>\n\t\t\t\t<\/div>","protected":false},"excerpt":{"rendered":"<p>Cette semaine, le brasseur de la Fr\u00e9heloise, a suivi une formation initiale de soudure INOX (m\u00e9thode TIG). Le but est d&rsquo;acqu\u00e9rir les bases de la soudure TIG pour pouvoir r\u00e9aliser des travaux courants, comme ceux du projet de laveuse open-source de la micro-brasserie du Vieux-Singe.&nbsp;Bien s\u00fbr, faire appel \u00e0 un professionnel aurait pu \u00eatre une [&hellip;]<\/p>","protected":false},"author":4,"featured_media":1423,"comment_status":"open","ping_status":"open","sticky":false,"template":"","format":"standard","meta":{"jetpack_post_was_ever_published":false,"_jetpack_newsletter_access":"","_jetpack_dont_email_post_to_subs":false,"_jetpack_newsletter_tier_id":0,"_jetpack_memberships_contains_paywalled_content":false,"_jetpack_memberships_contains_paid_content":false,"footnotes":""},"categories":[1],"tags":[],"class_list":["post-1421","post","type-post","status-publish","format-standard","has-post-thumbnail","hentry","category-uncategorized"],"yoast_head":"<!-- This site is optimized with the Yoast SEO plugin v26.6 - https:\/\/yoast.com\/wordpress\/plugins\/seo\/ -->\n<title>La Fr\u00e9heloise en formation INOX ! - La Fr\u00e9heloise, micro-brasserie artisanale en C\u00f4tes d&#039;Armor, produisant des bi\u00e8res bretonnes en Bretagne Nord<\/title>\n<meta name=\"robots\" content=\"index, follow, max-snippet:-1, max-image-preview:large, max-video-preview:-1\" \/>\n<link rel=\"canonical\" href=\"https:\/\/www.lafreheloise.bzh\/en\/2022\/10\/21\/la-freheloise-en-formation-inox\/\" \/>\n<meta property=\"og:locale\" content=\"en_GB\" \/>\n<meta property=\"og:type\" content=\"article\" \/>\n<meta property=\"og:title\" content=\"La Fr\u00e9heloise en formation INOX ! - La Fr\u00e9heloise, micro-brasserie artisanale en C\u00f4tes d&#039;Armor, produisant des bi\u00e8res bretonnes en Bretagne Nord\" \/>\n<meta property=\"og:description\" content=\"Cette semaine, le brasseur de la Fr\u00e9heloise, a suivi une formation initiale de soudure INOX (m\u00e9thode TIG). Le but est d&rsquo;acqu\u00e9rir les bases de la soudure TIG pour pouvoir r\u00e9aliser des travaux courants, comme ceux du projet de laveuse open-source de la micro-brasserie du Vieux-Singe.&nbsp;Bien s\u00fbr, faire appel \u00e0 un professionnel aurait pu \u00eatre une [&hellip;]\" \/>\n<meta property=\"og:url\" content=\"https:\/\/www.lafreheloise.bzh\/en\/2022\/10\/21\/la-freheloise-en-formation-inox\/\" \/>\n<meta property=\"og:site_name\" content=\"La Fr\u00e9heloise, micro-brasserie artisanale en C\u00f4tes d&#039;Armor, produisant des bi\u00e8res bretonnes en Bretagne Nord\" \/>\n<meta property=\"article:publisher\" content=\"https:\/\/www.facebook.com\/Bieres-Frehel\" \/>\n<meta property=\"article:published_time\" content=\"2022-10-21T16:26:02+00:00\" \/>\n<meta property=\"article:modified_time\" content=\"2024-11-23T14:17:49+00:00\" \/>\n<meta property=\"og:image\" content=\"https:\/\/www.lafreheloise.bzh\/wp-content\/uploads\/2022\/10\/IMG_20221021_124759_7.jpg\" \/>\n\t<meta property=\"og:image:width\" content=\"2560\" \/>\n\t<meta property=\"og:image:height\" content=\"1920\" \/>\n\t<meta property=\"og:image:type\" content=\"image\/jpeg\" \/>\n<meta name=\"author\" content=\"Youenn\" \/>\n<meta name=\"twitter:card\" content=\"summary_large_image\" \/>\n<meta name=\"twitter:label1\" content=\"Written by\" \/>\n\t<meta name=\"twitter:data1\" content=\"Youenn\" \/>\n\t<meta name=\"twitter:label2\" content=\"Estimated reading time\" \/>\n\t<meta name=\"twitter:data2\" content=\"2 minutes\" \/>\n<script type=\"application\/ld+json\" class=\"yoast-schema-graph\">{\"@context\":\"https:\/\/schema.org\",\"@graph\":[{\"@type\":\"Article\",\"@id\":\"https:\/\/www.lafreheloise.bzh\/2022\/10\/21\/la-freheloise-en-formation-inox\/#article\",\"isPartOf\":{\"@id\":\"https:\/\/www.lafreheloise.bzh\/2022\/10\/21\/la-freheloise-en-formation-inox\/\"},\"author\":{\"name\":\"Youenn\",\"@id\":\"https:\/\/www.lafreheloise.bzh\/#\/schema\/person\/630dd96f2b91b1ce220d6dda79bdf92c\"},\"headline\":\"La Fr\u00e9heloise en formation INOX !\",\"datePublished\":\"2022-10-21T16:26:02+00:00\",\"dateModified\":\"2024-11-23T14:17:49+00:00\",\"mainEntityOfPage\":{\"@id\":\"https:\/\/www.lafreheloise.bzh\/2022\/10\/21\/la-freheloise-en-formation-inox\/\"},\"wordCount\":167,\"commentCount\":0,\"publisher\":{\"@id\":\"https:\/\/www.lafreheloise.bzh\/#organization\"},\"image\":{\"@id\":\"https:\/\/www.lafreheloise.bzh\/2022\/10\/21\/la-freheloise-en-formation-inox\/#primaryimage\"},\"thumbnailUrl\":\"https:\/\/www.lafreheloise.bzh\/wp-content\/uploads\/2022\/10\/IMG_20221021_124759_7.jpg\",\"articleSection\":[\"Uncategorized\"],\"inLanguage\":\"en-GB\",\"potentialAction\":[{\"@type\":\"CommentAction\",\"name\":\"Comment\",\"target\":[\"https:\/\/www.lafreheloise.bzh\/2022\/10\/21\/la-freheloise-en-formation-inox\/#respond\"]}]},{\"@type\":\"WebPage\",\"@id\":\"https:\/\/www.lafreheloise.bzh\/2022\/10\/21\/la-freheloise-en-formation-inox\/\",\"url\":\"https:\/\/www.lafreheloise.bzh\/2022\/10\/21\/la-freheloise-en-formation-inox\/\",\"name\":\"La Fr\u00e9heloise en formation INOX ! - La Fr\u00e9heloise, micro-brasserie artisanale en C\u00f4tes d&#039;Armor, produisant des bi\u00e8res bretonnes en Bretagne Nord\",\"isPartOf\":{\"@id\":\"https:\/\/www.lafreheloise.bzh\/#website\"},\"primaryImageOfPage\":{\"@id\":\"https:\/\/www.lafreheloise.bzh\/2022\/10\/21\/la-freheloise-en-formation-inox\/#primaryimage\"},\"image\":{\"@id\":\"https:\/\/www.lafreheloise.bzh\/2022\/10\/21\/la-freheloise-en-formation-inox\/#primaryimage\"},\"thumbnailUrl\":\"https:\/\/www.lafreheloise.bzh\/wp-content\/uploads\/2022\/10\/IMG_20221021_124759_7.jpg\",\"datePublished\":\"2022-10-21T16:26:02+00:00\",\"dateModified\":\"2024-11-23T14:17:49+00:00\",\"breadcrumb\":{\"@id\":\"https:\/\/www.lafreheloise.bzh\/2022\/10\/21\/la-freheloise-en-formation-inox\/#breadcrumb\"},\"inLanguage\":\"en-GB\",\"potentialAction\":[{\"@type\":\"ReadAction\",\"target\":[\"https:\/\/www.lafreheloise.bzh\/2022\/10\/21\/la-freheloise-en-formation-inox\/\"]}]},{\"@type\":\"ImageObject\",\"inLanguage\":\"en-GB\",\"@id\":\"https:\/\/www.lafreheloise.bzh\/2022\/10\/21\/la-freheloise-en-formation-inox\/#primaryimage\",\"url\":\"https:\/\/www.lafreheloise.bzh\/wp-content\/uploads\/2022\/10\/IMG_20221021_124759_7.jpg\",\"contentUrl\":\"https:\/\/www.lafreheloise.bzh\/wp-content\/uploads\/2022\/10\/IMG_20221021_124759_7.jpg\",\"width\":2560,\"height\":1920},{\"@type\":\"BreadcrumbList\",\"@id\":\"https:\/\/www.lafreheloise.bzh\/2022\/10\/21\/la-freheloise-en-formation-inox\/#breadcrumb\",\"itemListElement\":[{\"@type\":\"ListItem\",\"position\":1,\"name\":\"Accueil\",\"item\":\"https:\/\/www.lafreheloise.bzh\/\"},{\"@type\":\"ListItem\",\"position\":2,\"name\":\"La Fr\u00e9heloise en formation INOX !\"}]},{\"@type\":\"WebSite\",\"@id\":\"https:\/\/www.lafreheloise.bzh\/#website\",\"url\":\"https:\/\/www.lafreheloise.bzh\/\",\"name\":\"La Fr\u00e9heloise, brasserie entre C\u00f4te d'Emeraude et C\u00f4te de Penthi\u00e8vre\",\"description\":\"La Fr\u00e9heloise, micro-brasserie artisanale en C\u00f4tes d&#039;Armor, produisant des bi\u00e8res bretonnes en Bretagne Nord\",\"publisher\":{\"@id\":\"https:\/\/www.lafreheloise.bzh\/#organization\"},\"potentialAction\":[{\"@type\":\"SearchAction\",\"target\":{\"@type\":\"EntryPoint\",\"urlTemplate\":\"https:\/\/www.lafreheloise.bzh\/?s={search_term_string}\"},\"query-input\":{\"@type\":\"PropertyValueSpecification\",\"valueRequired\":true,\"valueName\":\"search_term_string\"}}],\"inLanguage\":\"en-GB\"},{\"@type\":\"Organization\",\"@id\":\"https:\/\/www.lafreheloise.bzh\/#organization\",\"name\":\"La Fr\u00e9heloise, brasserie entre C\u00f4te d'Emeraude et C\u00f4te de Penthi\u00e8vre\",\"url\":\"https:\/\/www.lafreheloise.bzh\/\",\"logo\":{\"@type\":\"ImageObject\",\"inLanguage\":\"en-GB\",\"@id\":\"https:\/\/www.lafreheloise.bzh\/#\/schema\/logo\/image\/\",\"url\":\"https:\/\/www.lafreheloise.bzh\/wp-content\/uploads\/2021\/12\/Capture-de\u0301cran-2021-12-01-a\u0300-16.52.45-1024x622-2-1.png\",\"contentUrl\":\"https:\/\/www.lafreheloise.bzh\/wp-content\/uploads\/2021\/12\/Capture-de\u0301cran-2021-12-01-a\u0300-16.52.45-1024x622-2-1.png\",\"width\":1024,\"height\":622,\"caption\":\"La Fr\u00e9heloise, brasserie entre C\u00f4te d'Emeraude et C\u00f4te de Penthi\u00e8vre\"},\"image\":{\"@id\":\"https:\/\/www.lafreheloise.bzh\/#\/schema\/logo\/image\/\"},\"sameAs\":[\"https:\/\/www.facebook.com\/Bieres-Frehel\",\"https:\/\/www.instagram.com\/lafreheloise\/\"]},{\"@type\":\"Person\",\"@id\":\"https:\/\/www.lafreheloise.bzh\/#\/schema\/person\/630dd96f2b91b1ce220d6dda79bdf92c\",\"name\":\"Youenn\",\"image\":{\"@type\":\"ImageObject\",\"inLanguage\":\"en-GB\",\"@id\":\"https:\/\/www.lafreheloise.bzh\/#\/schema\/person\/image\/\",\"url\":\"https:\/\/secure.gravatar.com\/avatar\/00da6167f536a93c495c47df9a6a4e2feef69a54d069365140df0603d062e570?s=96&d=mm&r=g\",\"contentUrl\":\"https:\/\/secure.gravatar.com\/avatar\/00da6167f536a93c495c47df9a6a4e2feef69a54d069365140df0603d062e570?s=96&d=mm&r=g\",\"caption\":\"Youenn\"},\"url\":\"https:\/\/www.lafreheloise.bzh\/en\/author\/youennlafreheloise\/\"}]}<\/script>\n<!-- \/ Yoast SEO plugin. -->","yoast_head_json":{"title":"La Fr\u00e9heloise en formation INOX ! - La Fr\u00e9heloise, micro-brasserie artisanale en C\u00f4tes d&#039;Armor, produisant des bi\u00e8res bretonnes en Bretagne Nord","robots":{"index":"index","follow":"follow","max-snippet":"max-snippet:-1","max-image-preview":"max-image-preview:large","max-video-preview":"max-video-preview:-1"},"canonical":"https:\/\/www.lafreheloise.bzh\/en\/2022\/10\/21\/la-freheloise-en-formation-inox\/","og_locale":"en_GB","og_type":"article","og_title":"La Fr\u00e9heloise en formation INOX ! - La Fr\u00e9heloise, micro-brasserie artisanale en C\u00f4tes d&#039;Armor, produisant des bi\u00e8res bretonnes en Bretagne Nord","og_description":"Cette semaine, le brasseur de la Fr\u00e9heloise, a suivi une formation initiale de soudure INOX (m\u00e9thode TIG). Le but est d&rsquo;acqu\u00e9rir les bases de la soudure TIG pour pouvoir r\u00e9aliser des travaux courants, comme ceux du projet de laveuse open-source de la micro-brasserie du Vieux-Singe.&nbsp;Bien s\u00fbr, faire appel \u00e0 un professionnel aurait pu \u00eatre une [&hellip;]","og_url":"https:\/\/www.lafreheloise.bzh\/en\/2022\/10\/21\/la-freheloise-en-formation-inox\/","og_site_name":"La Fr\u00e9heloise, micro-brasserie artisanale en C\u00f4tes d&#039;Armor, produisant des bi\u00e8res bretonnes en Bretagne Nord","article_publisher":"https:\/\/www.facebook.com\/Bieres-Frehel","article_published_time":"2022-10-21T16:26:02+00:00","article_modified_time":"2024-11-23T14:17:49+00:00","og_image":[{"width":2560,"height":1920,"url":"https:\/\/www.lafreheloise.bzh\/wp-content\/uploads\/2022\/10\/IMG_20221021_124759_7.jpg","type":"image\/jpeg"}],"author":"Youenn","twitter_card":"summary_large_image","twitter_misc":{"Written by":"Youenn","Estimated reading time":"2 minutes"},"schema":{"@context":"https:\/\/schema.org","@graph":[{"@type":"Article","@id":"https:\/\/www.lafreheloise.bzh\/2022\/10\/21\/la-freheloise-en-formation-inox\/#article","isPartOf":{"@id":"https:\/\/www.lafreheloise.bzh\/2022\/10\/21\/la-freheloise-en-formation-inox\/"},"author":{"name":"Youenn","@id":"https:\/\/www.lafreheloise.bzh\/#\/schema\/person\/630dd96f2b91b1ce220d6dda79bdf92c"},"headline":"La Fr\u00e9heloise en formation INOX !","datePublished":"2022-10-21T16:26:02+00:00","dateModified":"2024-11-23T14:17:49+00:00","mainEntityOfPage":{"@id":"https:\/\/www.lafreheloise.bzh\/2022\/10\/21\/la-freheloise-en-formation-inox\/"},"wordCount":167,"commentCount":0,"publisher":{"@id":"https:\/\/www.lafreheloise.bzh\/#organization"},"image":{"@id":"https:\/\/www.lafreheloise.bzh\/2022\/10\/21\/la-freheloise-en-formation-inox\/#primaryimage"},"thumbnailUrl":"https:\/\/www.lafreheloise.bzh\/wp-content\/uploads\/2022\/10\/IMG_20221021_124759_7.jpg","articleSection":["Uncategorized"],"inLanguage":"en-GB","potentialAction":[{"@type":"CommentAction","name":"Comment","target":["https:\/\/www.lafreheloise.bzh\/2022\/10\/21\/la-freheloise-en-formation-inox\/#respond"]}]},{"@type":"WebPage","@id":"https:\/\/www.lafreheloise.bzh\/2022\/10\/21\/la-freheloise-en-formation-inox\/","url":"https:\/\/www.lafreheloise.bzh\/2022\/10\/21\/la-freheloise-en-formation-inox\/","name":"La Fr\u00e9heloise en formation INOX ! - La Fr\u00e9heloise, micro-brasserie artisanale en C\u00f4tes d&#039;Armor, produisant des bi\u00e8res bretonnes en Bretagne Nord","isPartOf":{"@id":"https:\/\/www.lafreheloise.bzh\/#website"},"primaryImageOfPage":{"@id":"https:\/\/www.lafreheloise.bzh\/2022\/10\/21\/la-freheloise-en-formation-inox\/#primaryimage"},"image":{"@id":"https:\/\/www.lafreheloise.bzh\/2022\/10\/21\/la-freheloise-en-formation-inox\/#primaryimage"},"thumbnailUrl":"https:\/\/www.lafreheloise.bzh\/wp-content\/uploads\/2022\/10\/IMG_20221021_124759_7.jpg","datePublished":"2022-10-21T16:26:02+00:00","dateModified":"2024-11-23T14:17:49+00:00","breadcrumb":{"@id":"https:\/\/www.lafreheloise.bzh\/2022\/10\/21\/la-freheloise-en-formation-inox\/#breadcrumb"},"inLanguage":"en-GB","potentialAction":[{"@type":"ReadAction","target":["https:\/\/www.lafreheloise.bzh\/2022\/10\/21\/la-freheloise-en-formation-inox\/"]}]},{"@type":"ImageObject","inLanguage":"en-GB","@id":"https:\/\/www.lafreheloise.bzh\/2022\/10\/21\/la-freheloise-en-formation-inox\/#primaryimage","url":"https:\/\/www.lafreheloise.bzh\/wp-content\/uploads\/2022\/10\/IMG_20221021_124759_7.jpg","contentUrl":"https:\/\/www.lafreheloise.bzh\/wp-content\/uploads\/2022\/10\/IMG_20221021_124759_7.jpg","width":2560,"height":1920},{"@type":"BreadcrumbList","@id":"https:\/\/www.lafreheloise.bzh\/2022\/10\/21\/la-freheloise-en-formation-inox\/#breadcrumb","itemListElement":[{"@type":"ListItem","position":1,"name":"Accueil","item":"https:\/\/www.lafreheloise.bzh\/"},{"@type":"ListItem","position":2,"name":"La Fr\u00e9heloise en formation INOX !"}]},{"@type":"WebSite","@id":"https:\/\/www.lafreheloise.bzh\/#website","url":"https:\/\/www.lafreheloise.bzh\/","name":"La Fr\u00e9heloise, brasserie entre C\u00f4te d'Emeraude et C\u00f4te de Penthi\u00e8vre","description":"La Fr\u00e9heloise, micro-brasserie artisanale en C\u00f4tes d&#039;Armor, produisant des bi\u00e8res bretonnes en Bretagne Nord","publisher":{"@id":"https:\/\/www.lafreheloise.bzh\/#organization"},"potentialAction":[{"@type":"SearchAction","target":{"@type":"EntryPoint","urlTemplate":"https:\/\/www.lafreheloise.bzh\/?s={search_term_string}"},"query-input":{"@type":"PropertyValueSpecification","valueRequired":true,"valueName":"search_term_string"}}],"inLanguage":"en-GB"},{"@type":"Organization","@id":"https:\/\/www.lafreheloise.bzh\/#organization","name":"La Fr\u00e9heloise, brasserie entre C\u00f4te d'Emeraude et C\u00f4te de Penthi\u00e8vre","url":"https:\/\/www.lafreheloise.bzh\/","logo":{"@type":"ImageObject","inLanguage":"en-GB","@id":"https:\/\/www.lafreheloise.bzh\/#\/schema\/logo\/image\/","url":"https:\/\/www.lafreheloise.bzh\/wp-content\/uploads\/2021\/12\/Capture-de\u0301cran-2021-12-01-a\u0300-16.52.45-1024x622-2-1.png","contentUrl":"https:\/\/www.lafreheloise.bzh\/wp-content\/uploads\/2021\/12\/Capture-de\u0301cran-2021-12-01-a\u0300-16.52.45-1024x622-2-1.png","width":1024,"height":622,"caption":"La Fr\u00e9heloise, brasserie entre C\u00f4te d'Emeraude et C\u00f4te de Penthi\u00e8vre"},"image":{"@id":"https:\/\/www.lafreheloise.bzh\/#\/schema\/logo\/image\/"},"sameAs":["https:\/\/www.facebook.com\/Bieres-Frehel","https:\/\/www.instagram.com\/lafreheloise\/"]},{"@type":"Person","@id":"https:\/\/www.lafreheloise.bzh\/#\/schema\/person\/630dd96f2b91b1ce220d6dda79bdf92c","name":"Youenn","image":{"@type":"ImageObject","inLanguage":"en-GB","@id":"https:\/\/www.lafreheloise.bzh\/#\/schema\/person\/image\/","url":"https:\/\/secure.gravatar.com\/avatar\/00da6167f536a93c495c47df9a6a4e2feef69a54d069365140df0603d062e570?s=96&d=mm&r=g","contentUrl":"https:\/\/secure.gravatar.com\/avatar\/00da6167f536a93c495c47df9a6a4e2feef69a54d069365140df0603d062e570?s=96&d=mm&r=g","caption":"Youenn"},"url":"https:\/\/www.lafreheloise.bzh\/en\/author\/youennlafreheloise\/"}]}},"jetpack_featured_media_url":"https:\/\/www.lafreheloise.bzh\/wp-content\/uploads\/2022\/10\/IMG_20221021_124759_7.jpg","jetpack_sharing_enabled":true,"_links":{"self":[{"href":"https:\/\/www.lafreheloise.bzh\/en\/wp-json\/wp\/v2\/posts\/1421","targetHints":{"allow":["GET"]}}],"collection":[{"href":"https:\/\/www.lafreheloise.bzh\/en\/wp-json\/wp\/v2\/posts"}],"about":[{"href":"https:\/\/www.lafreheloise.bzh\/en\/wp-json\/wp\/v2\/types\/post"}],"author":[{"embeddable":true,"href":"https:\/\/www.lafreheloise.bzh\/en\/wp-json\/wp\/v2\/users\/4"}],"replies":[{"embeddable":true,"href":"https:\/\/www.lafreheloise.bzh\/en\/wp-json\/wp\/v2\/comments?post=1421"}],"version-history":[{"count":4,"href":"https:\/\/www.lafreheloise.bzh\/en\/wp-json\/wp\/v2\/posts\/1421\/revisions"}],"predecessor-version":[{"id":2083,"href":"https:\/\/www.lafreheloise.bzh\/en\/wp-json\/wp\/v2\/posts\/1421\/revisions\/2083"}],"wp:featuredmedia":[{"embeddable":true,"href":"https:\/\/www.lafreheloise.bzh\/en\/wp-json\/wp\/v2\/media\/1423"}],"wp:attachment":[{"href":"https:\/\/www.lafreheloise.bzh\/en\/wp-json\/wp\/v2\/media?parent=1421"}],"wp:term":[{"taxonomy":"category","embeddable":true,"href":"https:\/\/www.lafreheloise.bzh\/en\/wp-json\/wp\/v2\/categories?post=1421"},{"taxonomy":"post_tag","embeddable":true,"href":"https:\/\/www.lafreheloise.bzh\/en\/wp-json\/wp\/v2\/tags?post=1421"}],"curies":[{"name":"wp","href":"https:\/\/api.w.org\/{rel}","templated":true}]}}