{"id":1375,"date":"2022-03-22T21:48:59","date_gmt":"2022-03-22T21:48:59","guid":{"rendered":"https:\/\/www.lafreheloise.bzh\/?p=1375"},"modified":"2022-03-22T21:49:25","modified_gmt":"2022-03-22T21:49:25","slug":"la-freheloise-partenaire-de-mangeons-local-bzh","status":"publish","type":"post","link":"https:\/\/www.lafreheloise.bzh\/en\/2022\/03\/22\/la-freheloise-partenaire-de-mangeons-local-bzh\/","title":{"rendered":"La Fr\u00e9heloise &#8211; partenaire de Mangeons-Local.bzh"},"content":{"rendered":"<div data-elementor-type=\"wp-post\" data-elementor-id=\"1375\" class=\"elementor elementor-1375\" data-elementor-post-type=\"post\">\n\t\t\t\t\t\t<section class=\"elementor-section elementor-top-section elementor-element elementor-element-3a03169e elementor-section-boxed elementor-section-height-default elementor-section-height-default\" data-id=\"3a03169e\" data-element_type=\"section\" data-e-type=\"section\">\n\t\t\t\t\t\t<div class=\"elementor-container elementor-column-gap-default\">\n\t\t\t\t\t<div class=\"elementor-column elementor-col-100 elementor-top-column elementor-element elementor-element-555bcbf4\" data-id=\"555bcbf4\" data-element_type=\"column\" data-e-type=\"column\">\n\t\t\t<div class=\"elementor-widget-wrap elementor-element-populated\">\n\t\t\t\t\t\t<div class=\"elementor-element elementor-element-48998056 elementor-widget elementor-widget-text-editor\" data-id=\"48998056\" data-element_type=\"widget\" data-e-type=\"widget\" data-widget_type=\"text-editor.default\">\n\t\t\t\t<div class=\"elementor-widget-container\">\n\t\t\t\t\t\t\t\t\t<p><\/p>\n<p>La Fr\u00e9heloise est dor\u00e9navant r\u00e9f\u00e9renc\u00e9 sur le site Mangeons-Local.bzh. <\/p>\n<p><\/p>\n<p><\/p>\n<p>C&rsquo;est une actualit\u00e9 que nous souhaitons mettre en avant car la d\u00e9marche de ce site part d&rsquo;un constat simple: inutile de faire venir des denr\u00e9es du monde quand on a ce qu&rsquo;il faut sous la main.<\/p>\n<p><\/p>\n<p><\/p>\n<p>Allez faire un tour sur <a href=\"http:\/\/www.mangeons-local.bzh\" data-type=\"URL\" data-id=\"www.mangeons-local.bzh\">www.mangeons-local.bzh<\/a> !<\/p>\n<p><\/p>\t\t\t\t\t\t\t\t<\/div>\n\t\t\t\t<\/div>\n\t\t\t\t\t<\/div>\n\t\t<\/div>\n\t\t\t\t\t<\/div>\n\t\t<\/section>\n\t\t\t\t<\/div>","protected":false},"excerpt":{"rendered":"<p>La Fr\u00e9heloise est dor\u00e9navant r\u00e9f\u00e9renc\u00e9 sur le site Mangeons-Local.bzh. C&rsquo;est une actualit\u00e9 que nous souhaitons mettre en avant car la d\u00e9marche de ce site part d&rsquo;un constat simple: inutile de faire venir des denr\u00e9es du monde quand on a ce qu&rsquo;il faut sous la main. Allez faire un tour sur www.mangeons-local.bzh !<\/p>","protected":false},"author":4,"featured_media":1376,"comment_status":"open","ping_status":"open","sticky":false,"template":"","format":"standard","meta":{"jetpack_post_was_ever_published":false,"_jetpack_newsletter_access":"","_jetpack_dont_email_post_to_subs":false,"_jetpack_newsletter_tier_id":0,"_jetpack_memberships_contains_paywalled_content":false,"_jetpack_memberships_contains_paid_content":false,"footnotes":""},"categories":[1],"tags":[],"class_list":["post-1375","post","type-post","status-publish","format-standard","has-post-thumbnail","hentry","category-uncategorized"],"yoast_head":"<!-- This site is optimized with the Yoast SEO plugin v26.6 - https:\/\/yoast.com\/wordpress\/plugins\/seo\/ -->\n<title>La Fr\u00e9heloise - partenaire de Mangeons-Local.bzh - La Fr\u00e9heloise, micro-brasserie artisanale en C\u00f4tes d&#039;Armor, produisant des bi\u00e8res bretonnes en Bretagne Nord<\/title>\n<meta name=\"robots\" content=\"index, follow, max-snippet:-1, max-image-preview:large, max-video-preview:-1\" \/>\n<link rel=\"canonical\" href=\"https:\/\/www.lafreheloise.bzh\/en\/2022\/03\/22\/la-freheloise-partenaire-de-mangeons-local-bzh\/\" \/>\n<meta property=\"og:locale\" content=\"en_GB\" \/>\n<meta property=\"og:type\" content=\"article\" \/>\n<meta property=\"og:title\" content=\"La Fr\u00e9heloise - partenaire de Mangeons-Local.bzh - La Fr\u00e9heloise, micro-brasserie artisanale en C\u00f4tes d&#039;Armor, produisant des bi\u00e8res bretonnes en Bretagne Nord\" \/>\n<meta property=\"og:description\" content=\"La Fr\u00e9heloise est dor\u00e9navant r\u00e9f\u00e9renc\u00e9 sur le site Mangeons-Local.bzh. C&rsquo;est une actualit\u00e9 que nous souhaitons mettre en avant car la d\u00e9marche de ce site part d&rsquo;un constat simple: inutile de faire venir des denr\u00e9es du monde quand on a ce qu&rsquo;il faut sous la main. Allez faire un tour sur www.mangeons-local.bzh !\" \/>\n<meta property=\"og:url\" content=\"https:\/\/www.lafreheloise.bzh\/en\/2022\/03\/22\/la-freheloise-partenaire-de-mangeons-local-bzh\/\" \/>\n<meta property=\"og:site_name\" content=\"La Fr\u00e9heloise, micro-brasserie artisanale en C\u00f4tes d&#039;Armor, produisant des bi\u00e8res bretonnes en Bretagne Nord\" \/>\n<meta property=\"article:publisher\" content=\"https:\/\/www.facebook.com\/Bieres-Frehel\" \/>\n<meta property=\"article:published_time\" content=\"2022-03-22T21:48:59+00:00\" \/>\n<meta property=\"article:modified_time\" content=\"2022-03-22T21:49:25+00:00\" \/>\n<meta property=\"og:image\" content=\"https:\/\/www.lafreheloise.bzh\/wp-content\/uploads\/2022\/03\/Capture-decran-2022-03-22-a-22.46.17.png\" \/>\n\t<meta property=\"og:image:width\" content=\"604\" \/>\n\t<meta property=\"og:image:height\" content=\"202\" \/>\n\t<meta property=\"og:image:type\" content=\"image\/png\" \/>\n<meta name=\"author\" content=\"Youenn\" \/>\n<meta name=\"twitter:card\" content=\"summary_large_image\" \/>\n<meta name=\"twitter:label1\" content=\"Written by\" \/>\n\t<meta name=\"twitter:data1\" content=\"Youenn\" \/>\n<script type=\"application\/ld+json\" class=\"yoast-schema-graph\">{\"@context\":\"https:\/\/schema.org\",\"@graph\":[{\"@type\":\"Article\",\"@id\":\"https:\/\/www.lafreheloise.bzh\/2022\/03\/22\/la-freheloise-partenaire-de-mangeons-local-bzh\/#article\",\"isPartOf\":{\"@id\":\"https:\/\/www.lafreheloise.bzh\/2022\/03\/22\/la-freheloise-partenaire-de-mangeons-local-bzh\/\"},\"author\":{\"name\":\"Youenn\",\"@id\":\"https:\/\/www.lafreheloise.bzh\/#\/schema\/person\/630dd96f2b91b1ce220d6dda79bdf92c\"},\"headline\":\"La Fr\u00e9heloise &#8211; partenaire de Mangeons-Local.bzh\",\"datePublished\":\"2022-03-22T21:48:59+00:00\",\"dateModified\":\"2022-03-22T21:49:25+00:00\",\"mainEntityOfPage\":{\"@id\":\"https:\/\/www.lafreheloise.bzh\/2022\/03\/22\/la-freheloise-partenaire-de-mangeons-local-bzh\/\"},\"wordCount\":71,\"commentCount\":0,\"publisher\":{\"@id\":\"https:\/\/www.lafreheloise.bzh\/#organization\"},\"image\":{\"@id\":\"https:\/\/www.lafreheloise.bzh\/2022\/03\/22\/la-freheloise-partenaire-de-mangeons-local-bzh\/#primaryimage\"},\"thumbnailUrl\":\"https:\/\/www.lafreheloise.bzh\/wp-content\/uploads\/2022\/03\/Capture-decran-2022-03-22-a-22.46.17.png\",\"articleSection\":[\"Uncategorized\"],\"inLanguage\":\"en-GB\",\"potentialAction\":[{\"@type\":\"CommentAction\",\"name\":\"Comment\",\"target\":[\"https:\/\/www.lafreheloise.bzh\/2022\/03\/22\/la-freheloise-partenaire-de-mangeons-local-bzh\/#respond\"]}]},{\"@type\":\"WebPage\",\"@id\":\"https:\/\/www.lafreheloise.bzh\/2022\/03\/22\/la-freheloise-partenaire-de-mangeons-local-bzh\/\",\"url\":\"https:\/\/www.lafreheloise.bzh\/2022\/03\/22\/la-freheloise-partenaire-de-mangeons-local-bzh\/\",\"name\":\"La Fr\u00e9heloise - partenaire de Mangeons-Local.bzh - La Fr\u00e9heloise, micro-brasserie artisanale en C\u00f4tes d&#039;Armor, produisant des bi\u00e8res bretonnes en Bretagne Nord\",\"isPartOf\":{\"@id\":\"https:\/\/www.lafreheloise.bzh\/#website\"},\"primaryImageOfPage\":{\"@id\":\"https:\/\/www.lafreheloise.bzh\/2022\/03\/22\/la-freheloise-partenaire-de-mangeons-local-bzh\/#primaryimage\"},\"image\":{\"@id\":\"https:\/\/www.lafreheloise.bzh\/2022\/03\/22\/la-freheloise-partenaire-de-mangeons-local-bzh\/#primaryimage\"},\"thumbnailUrl\":\"https:\/\/www.lafreheloise.bzh\/wp-content\/uploads\/2022\/03\/Capture-decran-2022-03-22-a-22.46.17.png\",\"datePublished\":\"2022-03-22T21:48:59+00:00\",\"dateModified\":\"2022-03-22T21:49:25+00:00\",\"breadcrumb\":{\"@id\":\"https:\/\/www.lafreheloise.bzh\/2022\/03\/22\/la-freheloise-partenaire-de-mangeons-local-bzh\/#breadcrumb\"},\"inLanguage\":\"en-GB\",\"potentialAction\":[{\"@type\":\"ReadAction\",\"target\":[\"https:\/\/www.lafreheloise.bzh\/2022\/03\/22\/la-freheloise-partenaire-de-mangeons-local-bzh\/\"]}]},{\"@type\":\"ImageObject\",\"inLanguage\":\"en-GB\",\"@id\":\"https:\/\/www.lafreheloise.bzh\/2022\/03\/22\/la-freheloise-partenaire-de-mangeons-local-bzh\/#primaryimage\",\"url\":\"https:\/\/www.lafreheloise.bzh\/wp-content\/uploads\/2022\/03\/Capture-decran-2022-03-22-a-22.46.17.png\",\"contentUrl\":\"https:\/\/www.lafreheloise.bzh\/wp-content\/uploads\/2022\/03\/Capture-decran-2022-03-22-a-22.46.17.png\",\"width\":604,\"height\":202},{\"@type\":\"BreadcrumbList\",\"@id\":\"https:\/\/www.lafreheloise.bzh\/2022\/03\/22\/la-freheloise-partenaire-de-mangeons-local-bzh\/#breadcrumb\",\"itemListElement\":[{\"@type\":\"ListItem\",\"position\":1,\"name\":\"Accueil\",\"item\":\"https:\/\/www.lafreheloise.bzh\/\"},{\"@type\":\"ListItem\",\"position\":2,\"name\":\"La Fr\u00e9heloise &#8211; partenaire de Mangeons-Local.bzh\"}]},{\"@type\":\"WebSite\",\"@id\":\"https:\/\/www.lafreheloise.bzh\/#website\",\"url\":\"https:\/\/www.lafreheloise.bzh\/\",\"name\":\"La Fr\u00e9heloise, brasserie entre C\u00f4te d'Emeraude et C\u00f4te de Penthi\u00e8vre\",\"description\":\"La Fr\u00e9heloise, micro-brasserie artisanale en C\u00f4tes d&#039;Armor, produisant des bi\u00e8res bretonnes en Bretagne Nord\",\"publisher\":{\"@id\":\"https:\/\/www.lafreheloise.bzh\/#organization\"},\"potentialAction\":[{\"@type\":\"SearchAction\",\"target\":{\"@type\":\"EntryPoint\",\"urlTemplate\":\"https:\/\/www.lafreheloise.bzh\/?s={search_term_string}\"},\"query-input\":{\"@type\":\"PropertyValueSpecification\",\"valueRequired\":true,\"valueName\":\"search_term_string\"}}],\"inLanguage\":\"en-GB\"},{\"@type\":\"Organization\",\"@id\":\"https:\/\/www.lafreheloise.bzh\/#organization\",\"name\":\"La Fr\u00e9heloise, brasserie entre C\u00f4te d'Emeraude et C\u00f4te de Penthi\u00e8vre\",\"url\":\"https:\/\/www.lafreheloise.bzh\/\",\"logo\":{\"@type\":\"ImageObject\",\"inLanguage\":\"en-GB\",\"@id\":\"https:\/\/www.lafreheloise.bzh\/#\/schema\/logo\/image\/\",\"url\":\"https:\/\/www.lafreheloise.bzh\/wp-content\/uploads\/2021\/12\/Capture-de\u0301cran-2021-12-01-a\u0300-16.52.45-1024x622-2-1.png\",\"contentUrl\":\"https:\/\/www.lafreheloise.bzh\/wp-content\/uploads\/2021\/12\/Capture-de\u0301cran-2021-12-01-a\u0300-16.52.45-1024x622-2-1.png\",\"width\":1024,\"height\":622,\"caption\":\"La Fr\u00e9heloise, brasserie entre C\u00f4te d'Emeraude et C\u00f4te de Penthi\u00e8vre\"},\"image\":{\"@id\":\"https:\/\/www.lafreheloise.bzh\/#\/schema\/logo\/image\/\"},\"sameAs\":[\"https:\/\/www.facebook.com\/Bieres-Frehel\",\"https:\/\/www.instagram.com\/lafreheloise\/\"]},{\"@type\":\"Person\",\"@id\":\"https:\/\/www.lafreheloise.bzh\/#\/schema\/person\/630dd96f2b91b1ce220d6dda79bdf92c\",\"name\":\"Youenn\",\"image\":{\"@type\":\"ImageObject\",\"inLanguage\":\"en-GB\",\"@id\":\"https:\/\/www.lafreheloise.bzh\/#\/schema\/person\/image\/\",\"url\":\"https:\/\/secure.gravatar.com\/avatar\/00da6167f536a93c495c47df9a6a4e2feef69a54d069365140df0603d062e570?s=96&d=mm&r=g\",\"contentUrl\":\"https:\/\/secure.gravatar.com\/avatar\/00da6167f536a93c495c47df9a6a4e2feef69a54d069365140df0603d062e570?s=96&d=mm&r=g\",\"caption\":\"Youenn\"},\"url\":\"https:\/\/www.lafreheloise.bzh\/en\/author\/youennlafreheloise\/\"}]}<\/script>\n<!-- \/ Yoast SEO plugin. -->","yoast_head_json":{"title":"La Fr\u00e9heloise - partenaire de Mangeons-Local.bzh - La Fr\u00e9heloise, micro-brasserie artisanale en C\u00f4tes d&#039;Armor, produisant des bi\u00e8res bretonnes en Bretagne Nord","robots":{"index":"index","follow":"follow","max-snippet":"max-snippet:-1","max-image-preview":"max-image-preview:large","max-video-preview":"max-video-preview:-1"},"canonical":"https:\/\/www.lafreheloise.bzh\/en\/2022\/03\/22\/la-freheloise-partenaire-de-mangeons-local-bzh\/","og_locale":"en_GB","og_type":"article","og_title":"La Fr\u00e9heloise - partenaire de Mangeons-Local.bzh - La Fr\u00e9heloise, micro-brasserie artisanale en C\u00f4tes d&#039;Armor, produisant des bi\u00e8res bretonnes en Bretagne Nord","og_description":"La Fr\u00e9heloise est dor\u00e9navant r\u00e9f\u00e9renc\u00e9 sur le site Mangeons-Local.bzh. C&rsquo;est une actualit\u00e9 que nous souhaitons mettre en avant car la d\u00e9marche de ce site part d&rsquo;un constat simple: inutile de faire venir des denr\u00e9es du monde quand on a ce qu&rsquo;il faut sous la main. Allez faire un tour sur www.mangeons-local.bzh !","og_url":"https:\/\/www.lafreheloise.bzh\/en\/2022\/03\/22\/la-freheloise-partenaire-de-mangeons-local-bzh\/","og_site_name":"La Fr\u00e9heloise, micro-brasserie artisanale en C\u00f4tes d&#039;Armor, produisant des bi\u00e8res bretonnes en Bretagne Nord","article_publisher":"https:\/\/www.facebook.com\/Bieres-Frehel","article_published_time":"2022-03-22T21:48:59+00:00","article_modified_time":"2022-03-22T21:49:25+00:00","og_image":[{"width":604,"height":202,"url":"https:\/\/www.lafreheloise.bzh\/wp-content\/uploads\/2022\/03\/Capture-decran-2022-03-22-a-22.46.17.png","type":"image\/png"}],"author":"Youenn","twitter_card":"summary_large_image","twitter_misc":{"Written by":"Youenn"},"schema":{"@context":"https:\/\/schema.org","@graph":[{"@type":"Article","@id":"https:\/\/www.lafreheloise.bzh\/2022\/03\/22\/la-freheloise-partenaire-de-mangeons-local-bzh\/#article","isPartOf":{"@id":"https:\/\/www.lafreheloise.bzh\/2022\/03\/22\/la-freheloise-partenaire-de-mangeons-local-bzh\/"},"author":{"name":"Youenn","@id":"https:\/\/www.lafreheloise.bzh\/#\/schema\/person\/630dd96f2b91b1ce220d6dda79bdf92c"},"headline":"La Fr\u00e9heloise &#8211; partenaire de Mangeons-Local.bzh","datePublished":"2022-03-22T21:48:59+00:00","dateModified":"2022-03-22T21:49:25+00:00","mainEntityOfPage":{"@id":"https:\/\/www.lafreheloise.bzh\/2022\/03\/22\/la-freheloise-partenaire-de-mangeons-local-bzh\/"},"wordCount":71,"commentCount":0,"publisher":{"@id":"https:\/\/www.lafreheloise.bzh\/#organization"},"image":{"@id":"https:\/\/www.lafreheloise.bzh\/2022\/03\/22\/la-freheloise-partenaire-de-mangeons-local-bzh\/#primaryimage"},"thumbnailUrl":"https:\/\/www.lafreheloise.bzh\/wp-content\/uploads\/2022\/03\/Capture-decran-2022-03-22-a-22.46.17.png","articleSection":["Uncategorized"],"inLanguage":"en-GB","potentialAction":[{"@type":"CommentAction","name":"Comment","target":["https:\/\/www.lafreheloise.bzh\/2022\/03\/22\/la-freheloise-partenaire-de-mangeons-local-bzh\/#respond"]}]},{"@type":"WebPage","@id":"https:\/\/www.lafreheloise.bzh\/2022\/03\/22\/la-freheloise-partenaire-de-mangeons-local-bzh\/","url":"https:\/\/www.lafreheloise.bzh\/2022\/03\/22\/la-freheloise-partenaire-de-mangeons-local-bzh\/","name":"La Fr\u00e9heloise - partenaire de Mangeons-Local.bzh - La Fr\u00e9heloise, micro-brasserie artisanale en C\u00f4tes d&#039;Armor, produisant des bi\u00e8res bretonnes en Bretagne Nord","isPartOf":{"@id":"https:\/\/www.lafreheloise.bzh\/#website"},"primaryImageOfPage":{"@id":"https:\/\/www.lafreheloise.bzh\/2022\/03\/22\/la-freheloise-partenaire-de-mangeons-local-bzh\/#primaryimage"},"image":{"@id":"https:\/\/www.lafreheloise.bzh\/2022\/03\/22\/la-freheloise-partenaire-de-mangeons-local-bzh\/#primaryimage"},"thumbnailUrl":"https:\/\/www.lafreheloise.bzh\/wp-content\/uploads\/2022\/03\/Capture-decran-2022-03-22-a-22.46.17.png","datePublished":"2022-03-22T21:48:59+00:00","dateModified":"2022-03-22T21:49:25+00:00","breadcrumb":{"@id":"https:\/\/www.lafreheloise.bzh\/2022\/03\/22\/la-freheloise-partenaire-de-mangeons-local-bzh\/#breadcrumb"},"inLanguage":"en-GB","potentialAction":[{"@type":"ReadAction","target":["https:\/\/www.lafreheloise.bzh\/2022\/03\/22\/la-freheloise-partenaire-de-mangeons-local-bzh\/"]}]},{"@type":"ImageObject","inLanguage":"en-GB","@id":"https:\/\/www.lafreheloise.bzh\/2022\/03\/22\/la-freheloise-partenaire-de-mangeons-local-bzh\/#primaryimage","url":"https:\/\/www.lafreheloise.bzh\/wp-content\/uploads\/2022\/03\/Capture-decran-2022-03-22-a-22.46.17.png","contentUrl":"https:\/\/www.lafreheloise.bzh\/wp-content\/uploads\/2022\/03\/Capture-decran-2022-03-22-a-22.46.17.png","width":604,"height":202},{"@type":"BreadcrumbList","@id":"https:\/\/www.lafreheloise.bzh\/2022\/03\/22\/la-freheloise-partenaire-de-mangeons-local-bzh\/#breadcrumb","itemListElement":[{"@type":"ListItem","position":1,"name":"Accueil","item":"https:\/\/www.lafreheloise.bzh\/"},{"@type":"ListItem","position":2,"name":"La Fr\u00e9heloise &#8211; partenaire de Mangeons-Local.bzh"}]},{"@type":"WebSite","@id":"https:\/\/www.lafreheloise.bzh\/#website","url":"https:\/\/www.lafreheloise.bzh\/","name":"La Fr\u00e9heloise, brasserie entre C\u00f4te d'Emeraude et C\u00f4te de Penthi\u00e8vre","description":"La Fr\u00e9heloise, micro-brasserie artisanale en C\u00f4tes d&#039;Armor, produisant des bi\u00e8res bretonnes en Bretagne Nord","publisher":{"@id":"https:\/\/www.lafreheloise.bzh\/#organization"},"potentialAction":[{"@type":"SearchAction","target":{"@type":"EntryPoint","urlTemplate":"https:\/\/www.lafreheloise.bzh\/?s={search_term_string}"},"query-input":{"@type":"PropertyValueSpecification","valueRequired":true,"valueName":"search_term_string"}}],"inLanguage":"en-GB"},{"@type":"Organization","@id":"https:\/\/www.lafreheloise.bzh\/#organization","name":"La Fr\u00e9heloise, brasserie entre C\u00f4te d'Emeraude et C\u00f4te de Penthi\u00e8vre","url":"https:\/\/www.lafreheloise.bzh\/","logo":{"@type":"ImageObject","inLanguage":"en-GB","@id":"https:\/\/www.lafreheloise.bzh\/#\/schema\/logo\/image\/","url":"https:\/\/www.lafreheloise.bzh\/wp-content\/uploads\/2021\/12\/Capture-de\u0301cran-2021-12-01-a\u0300-16.52.45-1024x622-2-1.png","contentUrl":"https:\/\/www.lafreheloise.bzh\/wp-content\/uploads\/2021\/12\/Capture-de\u0301cran-2021-12-01-a\u0300-16.52.45-1024x622-2-1.png","width":1024,"height":622,"caption":"La Fr\u00e9heloise, brasserie entre C\u00f4te d'Emeraude et C\u00f4te de Penthi\u00e8vre"},"image":{"@id":"https:\/\/www.lafreheloise.bzh\/#\/schema\/logo\/image\/"},"sameAs":["https:\/\/www.facebook.com\/Bieres-Frehel","https:\/\/www.instagram.com\/lafreheloise\/"]},{"@type":"Person","@id":"https:\/\/www.lafreheloise.bzh\/#\/schema\/person\/630dd96f2b91b1ce220d6dda79bdf92c","name":"Youenn","image":{"@type":"ImageObject","inLanguage":"en-GB","@id":"https:\/\/www.lafreheloise.bzh\/#\/schema\/person\/image\/","url":"https:\/\/secure.gravatar.com\/avatar\/00da6167f536a93c495c47df9a6a4e2feef69a54d069365140df0603d062e570?s=96&d=mm&r=g","contentUrl":"https:\/\/secure.gravatar.com\/avatar\/00da6167f536a93c495c47df9a6a4e2feef69a54d069365140df0603d062e570?s=96&d=mm&r=g","caption":"Youenn"},"url":"https:\/\/www.lafreheloise.bzh\/en\/author\/youennlafreheloise\/"}]}},"jetpack_featured_media_url":"https:\/\/www.lafreheloise.bzh\/wp-content\/uploads\/2022\/03\/Capture-decran-2022-03-22-a-22.46.17.png","jetpack_sharing_enabled":true,"_links":{"self":[{"href":"https:\/\/www.lafreheloise.bzh\/en\/wp-json\/wp\/v2\/posts\/1375","targetHints":{"allow":["GET"]}}],"collection":[{"href":"https:\/\/www.lafreheloise.bzh\/en\/wp-json\/wp\/v2\/posts"}],"about":[{"href":"https:\/\/www.lafreheloise.bzh\/en\/wp-json\/wp\/v2\/types\/post"}],"author":[{"embeddable":true,"href":"https:\/\/www.lafreheloise.bzh\/en\/wp-json\/wp\/v2\/users\/4"}],"replies":[{"embeddable":true,"href":"https:\/\/www.lafreheloise.bzh\/en\/wp-json\/wp\/v2\/comments?post=1375"}],"version-history":[{"count":4,"href":"https:\/\/www.lafreheloise.bzh\/en\/wp-json\/wp\/v2\/posts\/1375\/revisions"}],"predecessor-version":[{"id":1380,"href":"https:\/\/www.lafreheloise.bzh\/en\/wp-json\/wp\/v2\/posts\/1375\/revisions\/1380"}],"wp:featuredmedia":[{"embeddable":true,"href":"https:\/\/www.lafreheloise.bzh\/en\/wp-json\/wp\/v2\/media\/1376"}],"wp:attachment":[{"href":"https:\/\/www.lafreheloise.bzh\/en\/wp-json\/wp\/v2\/media?parent=1375"}],"wp:term":[{"taxonomy":"category","embeddable":true,"href":"https:\/\/www.lafreheloise.bzh\/en\/wp-json\/wp\/v2\/categories?post=1375"},{"taxonomy":"post_tag","embeddable":true,"href":"https:\/\/www.lafreheloise.bzh\/en\/wp-json\/wp\/v2\/tags?post=1375"}],"curies":[{"name":"wp","href":"https:\/\/api.w.org\/{rel}","templated":true}]}}