{"id":1221,"date":"2022-01-28T21:23:21","date_gmt":"2022-01-28T21:23:21","guid":{"rendered":"https:\/\/www.lafreheloise.bzh\/?p=1221"},"modified":"2022-01-31T21:27:09","modified_gmt":"2022-01-31T21:27:09","slug":"28-janvier-2022-cest-parti","status":"publish","type":"post","link":"https:\/\/www.lafreheloise.bzh\/en\/2022\/01\/28\/28-janvier-2022-cest-parti\/","title":{"rendered":"28 Janvier 2022 &#8211; c&rsquo;est parti !"},"content":{"rendered":"<div data-elementor-type=\"wp-post\" data-elementor-id=\"1221\" class=\"elementor elementor-1221\" data-elementor-post-type=\"post\">\n\t\t\t\t\t\t<section class=\"elementor-section elementor-top-section elementor-element elementor-element-a4303ae elementor-section-boxed elementor-section-height-default elementor-section-height-default\" data-id=\"a4303ae\" data-element_type=\"section\" data-e-type=\"section\">\n\t\t\t\t\t\t<div class=\"elementor-container elementor-column-gap-default\">\n\t\t\t\t\t<div class=\"elementor-column elementor-col-100 elementor-top-column elementor-element elementor-element-77f02d5\" data-id=\"77f02d5\" data-element_type=\"column\" data-e-type=\"column\">\n\t\t\t<div class=\"elementor-widget-wrap elementor-element-populated\">\n\t\t\t\t\t\t<div class=\"elementor-element elementor-element-94e8963 elementor-widget elementor-widget-text-editor\" data-id=\"94e8963\" data-element_type=\"widget\" data-e-type=\"widget\" data-widget_type=\"text-editor.default\">\n\t\t\t\t<div class=\"elementor-widget-container\">\n\t\t\t\t\t\t\t\t\t<p>Apr\u00e8s quelques travaux pr\u00e9paratoires, l&rsquo;ann\u00e9e 2022 est donc lanc\u00e9e.\u00a0<\/p><p>Et elle commence avec les brassins de bi\u00e8res sp\u00e9ciales notamment. Aujourd&rsquo;hui, c&rsquo;est au tour de la Rouanez Du.<\/p>\t\t\t\t\t\t\t\t<\/div>\n\t\t\t\t<\/div>\n\t\t\t\t\t<\/div>\n\t\t<\/div>\n\t\t\t\t\t<\/div>\n\t\t<\/section>\n\t\t\t\t<section class=\"elementor-section elementor-top-section elementor-element elementor-element-ec11903 elementor-section-boxed elementor-section-height-default elementor-section-height-default\" data-id=\"ec11903\" data-element_type=\"section\" data-e-type=\"section\">\n\t\t\t\t\t\t<div class=\"elementor-container elementor-column-gap-default\">\n\t\t\t\t\t<div class=\"elementor-column elementor-col-100 elementor-top-column elementor-element elementor-element-bbec527\" data-id=\"bbec527\" data-element_type=\"column\" data-e-type=\"column\">\n\t\t\t<div class=\"elementor-widget-wrap elementor-element-populated\">\n\t\t\t\t\t\t<div class=\"elementor-element elementor-element-93e8682 elementor-widget elementor-widget-image\" data-id=\"93e8682\" data-element_type=\"widget\" data-e-type=\"widget\" data-widget_type=\"image.default\">\n\t\t\t\t<div class=\"elementor-widget-container\">\n\t\t\t\t\t\t\t\t\t\t\t\t\t\t\t<img fetchpriority=\"high\" decoding=\"async\" width=\"800\" height=\"600\" src=\"https:\/\/www.lafreheloise.bzh\/wp-content\/uploads\/2022\/01\/IMG_20220126_103311_7-1024x768.jpg\" class=\"attachment-large size-large wp-image-1223\" alt=\"\" srcset=\"https:\/\/www.lafreheloise.bzh\/wp-content\/uploads\/2022\/01\/IMG_20220126_103311_7-1024x768.jpg 1024w, https:\/\/www.lafreheloise.bzh\/wp-content\/uploads\/2022\/01\/IMG_20220126_103311_7-300x225.jpg 300w, https:\/\/www.lafreheloise.bzh\/wp-content\/uploads\/2022\/01\/IMG_20220126_103311_7-768x576.jpg 768w, https:\/\/www.lafreheloise.bzh\/wp-content\/uploads\/2022\/01\/IMG_20220126_103311_7-1536x1152.jpg 1536w, https:\/\/www.lafreheloise.bzh\/wp-content\/uploads\/2022\/01\/IMG_20220126_103311_7-2048x1536.jpg 2048w, https:\/\/www.lafreheloise.bzh\/wp-content\/uploads\/2022\/01\/IMG_20220126_103311_7-16x12.jpg 16w, https:\/\/www.lafreheloise.bzh\/wp-content\/uploads\/2022\/01\/IMG_20220126_103311_7-1320x990.jpg 1320w, https:\/\/www.lafreheloise.bzh\/wp-content\/uploads\/2022\/01\/IMG_20220126_103311_7-600x450.jpg 600w\" sizes=\"(max-width: 800px) 100vw, 800px\" \/>\t\t\t\t\t\t\t\t\t\t\t\t\t\t\t<\/div>\n\t\t\t\t<\/div>\n\t\t\t\t\t<\/div>\n\t\t<\/div>\n\t\t\t\t\t<\/div>\n\t\t<\/section>\n\t\t\t\t<\/div>","protected":false},"excerpt":{"rendered":"<p>Apr\u00e8s quelques travaux pr\u00e9paratoires, l&rsquo;ann\u00e9e 2022 est donc lanc\u00e9e.\u00a0 Et elle commence avec les brassins de bi\u00e8res sp\u00e9ciales notamment. Aujourd&rsquo;hui, c&rsquo;est au tour de la Rouanez Du.<\/p>","protected":false},"author":4,"featured_media":1223,"comment_status":"open","ping_status":"open","sticky":false,"template":"","format":"standard","meta":{"jetpack_post_was_ever_published":false,"_jetpack_newsletter_access":"","_jetpack_dont_email_post_to_subs":false,"_jetpack_newsletter_tier_id":0,"_jetpack_memberships_contains_paywalled_content":false,"_jetpack_memberships_contains_paid_content":false,"footnotes":""},"categories":[1],"tags":[],"class_list":["post-1221","post","type-post","status-publish","format-standard","has-post-thumbnail","hentry","category-uncategorized"],"yoast_head":"<!-- This site is optimized with the Yoast SEO plugin v26.6 - https:\/\/yoast.com\/wordpress\/plugins\/seo\/ -->\n<title>28 Janvier 2022 - c&#039;est parti ! - La Fr\u00e9heloise, micro-brasserie artisanale en C\u00f4tes d&#039;Armor, produisant des bi\u00e8res bretonnes en Bretagne Nord<\/title>\n<meta name=\"robots\" content=\"index, follow, max-snippet:-1, max-image-preview:large, max-video-preview:-1\" \/>\n<link rel=\"canonical\" href=\"https:\/\/www.lafreheloise.bzh\/en\/2022\/01\/28\/28-janvier-2022-cest-parti\/\" \/>\n<meta property=\"og:locale\" content=\"en_GB\" \/>\n<meta property=\"og:type\" content=\"article\" \/>\n<meta property=\"og:title\" content=\"28 Janvier 2022 - c&#039;est parti ! - La Fr\u00e9heloise, micro-brasserie artisanale en C\u00f4tes d&#039;Armor, produisant des bi\u00e8res bretonnes en Bretagne Nord\" \/>\n<meta property=\"og:description\" content=\"Apr\u00e8s quelques travaux pr\u00e9paratoires, l&rsquo;ann\u00e9e 2022 est donc lanc\u00e9e.\u00a0 Et elle commence avec les brassins de bi\u00e8res sp\u00e9ciales notamment. Aujourd&rsquo;hui, c&rsquo;est au tour de la Rouanez Du.\" \/>\n<meta property=\"og:url\" content=\"https:\/\/www.lafreheloise.bzh\/en\/2022\/01\/28\/28-janvier-2022-cest-parti\/\" \/>\n<meta property=\"og:site_name\" content=\"La Fr\u00e9heloise, micro-brasserie artisanale en C\u00f4tes d&#039;Armor, produisant des bi\u00e8res bretonnes en Bretagne Nord\" \/>\n<meta property=\"article:publisher\" content=\"https:\/\/www.facebook.com\/Bieres-Frehel\" \/>\n<meta property=\"article:published_time\" content=\"2022-01-28T21:23:21+00:00\" \/>\n<meta property=\"article:modified_time\" content=\"2022-01-31T21:27:09+00:00\" \/>\n<meta property=\"og:image\" content=\"https:\/\/www.lafreheloise.bzh\/wp-content\/uploads\/2022\/01\/IMG_20220126_103311_7-scaled.jpg\" \/>\n\t<meta property=\"og:image:width\" content=\"2560\" \/>\n\t<meta property=\"og:image:height\" content=\"1920\" \/>\n\t<meta property=\"og:image:type\" content=\"image\/jpeg\" \/>\n<meta name=\"author\" content=\"Youenn\" \/>\n<meta name=\"twitter:card\" content=\"summary_large_image\" \/>\n<meta name=\"twitter:label1\" content=\"Written by\" \/>\n\t<meta name=\"twitter:data1\" content=\"Youenn\" \/>\n<script type=\"application\/ld+json\" class=\"yoast-schema-graph\">{\"@context\":\"https:\/\/schema.org\",\"@graph\":[{\"@type\":\"Article\",\"@id\":\"https:\/\/www.lafreheloise.bzh\/2022\/01\/28\/28-janvier-2022-cest-parti\/#article\",\"isPartOf\":{\"@id\":\"https:\/\/www.lafreheloise.bzh\/2022\/01\/28\/28-janvier-2022-cest-parti\/\"},\"author\":{\"name\":\"Youenn\",\"@id\":\"https:\/\/www.lafreheloise.bzh\/#\/schema\/person\/630dd96f2b91b1ce220d6dda79bdf92c\"},\"headline\":\"28 Janvier 2022 &#8211; c&rsquo;est parti !\",\"datePublished\":\"2022-01-28T21:23:21+00:00\",\"dateModified\":\"2022-01-31T21:27:09+00:00\",\"mainEntityOfPage\":{\"@id\":\"https:\/\/www.lafreheloise.bzh\/2022\/01\/28\/28-janvier-2022-cest-parti\/\"},\"wordCount\":40,\"commentCount\":0,\"publisher\":{\"@id\":\"https:\/\/www.lafreheloise.bzh\/#organization\"},\"image\":{\"@id\":\"https:\/\/www.lafreheloise.bzh\/2022\/01\/28\/28-janvier-2022-cest-parti\/#primaryimage\"},\"thumbnailUrl\":\"https:\/\/www.lafreheloise.bzh\/wp-content\/uploads\/2022\/01\/IMG_20220126_103311_7-scaled.jpg\",\"articleSection\":[\"Uncategorized\"],\"inLanguage\":\"en-GB\",\"potentialAction\":[{\"@type\":\"CommentAction\",\"name\":\"Comment\",\"target\":[\"https:\/\/www.lafreheloise.bzh\/2022\/01\/28\/28-janvier-2022-cest-parti\/#respond\"]}]},{\"@type\":\"WebPage\",\"@id\":\"https:\/\/www.lafreheloise.bzh\/2022\/01\/28\/28-janvier-2022-cest-parti\/\",\"url\":\"https:\/\/www.lafreheloise.bzh\/2022\/01\/28\/28-janvier-2022-cest-parti\/\",\"name\":\"28 Janvier 2022 - c'est parti ! - La Fr\u00e9heloise, micro-brasserie artisanale en C\u00f4tes d&#039;Armor, produisant des bi\u00e8res bretonnes en Bretagne Nord\",\"isPartOf\":{\"@id\":\"https:\/\/www.lafreheloise.bzh\/#website\"},\"primaryImageOfPage\":{\"@id\":\"https:\/\/www.lafreheloise.bzh\/2022\/01\/28\/28-janvier-2022-cest-parti\/#primaryimage\"},\"image\":{\"@id\":\"https:\/\/www.lafreheloise.bzh\/2022\/01\/28\/28-janvier-2022-cest-parti\/#primaryimage\"},\"thumbnailUrl\":\"https:\/\/www.lafreheloise.bzh\/wp-content\/uploads\/2022\/01\/IMG_20220126_103311_7-scaled.jpg\",\"datePublished\":\"2022-01-28T21:23:21+00:00\",\"dateModified\":\"2022-01-31T21:27:09+00:00\",\"breadcrumb\":{\"@id\":\"https:\/\/www.lafreheloise.bzh\/2022\/01\/28\/28-janvier-2022-cest-parti\/#breadcrumb\"},\"inLanguage\":\"en-GB\",\"potentialAction\":[{\"@type\":\"ReadAction\",\"target\":[\"https:\/\/www.lafreheloise.bzh\/2022\/01\/28\/28-janvier-2022-cest-parti\/\"]}]},{\"@type\":\"ImageObject\",\"inLanguage\":\"en-GB\",\"@id\":\"https:\/\/www.lafreheloise.bzh\/2022\/01\/28\/28-janvier-2022-cest-parti\/#primaryimage\",\"url\":\"https:\/\/www.lafreheloise.bzh\/wp-content\/uploads\/2022\/01\/IMG_20220126_103311_7-scaled.jpg\",\"contentUrl\":\"https:\/\/www.lafreheloise.bzh\/wp-content\/uploads\/2022\/01\/IMG_20220126_103311_7-scaled.jpg\",\"width\":2560,\"height\":1920},{\"@type\":\"BreadcrumbList\",\"@id\":\"https:\/\/www.lafreheloise.bzh\/2022\/01\/28\/28-janvier-2022-cest-parti\/#breadcrumb\",\"itemListElement\":[{\"@type\":\"ListItem\",\"position\":1,\"name\":\"Accueil\",\"item\":\"https:\/\/www.lafreheloise.bzh\/\"},{\"@type\":\"ListItem\",\"position\":2,\"name\":\"28 Janvier 2022 &#8211; c&rsquo;est parti !\"}]},{\"@type\":\"WebSite\",\"@id\":\"https:\/\/www.lafreheloise.bzh\/#website\",\"url\":\"https:\/\/www.lafreheloise.bzh\/\",\"name\":\"La Fr\u00e9heloise, brasserie entre C\u00f4te d'Emeraude et C\u00f4te de Penthi\u00e8vre\",\"description\":\"La Fr\u00e9heloise, micro-brasserie artisanale en C\u00f4tes d&#039;Armor, produisant des bi\u00e8res bretonnes en Bretagne Nord\",\"publisher\":{\"@id\":\"https:\/\/www.lafreheloise.bzh\/#organization\"},\"potentialAction\":[{\"@type\":\"SearchAction\",\"target\":{\"@type\":\"EntryPoint\",\"urlTemplate\":\"https:\/\/www.lafreheloise.bzh\/?s={search_term_string}\"},\"query-input\":{\"@type\":\"PropertyValueSpecification\",\"valueRequired\":true,\"valueName\":\"search_term_string\"}}],\"inLanguage\":\"en-GB\"},{\"@type\":\"Organization\",\"@id\":\"https:\/\/www.lafreheloise.bzh\/#organization\",\"name\":\"La Fr\u00e9heloise, brasserie entre C\u00f4te d'Emeraude et C\u00f4te de Penthi\u00e8vre\",\"url\":\"https:\/\/www.lafreheloise.bzh\/\",\"logo\":{\"@type\":\"ImageObject\",\"inLanguage\":\"en-GB\",\"@id\":\"https:\/\/www.lafreheloise.bzh\/#\/schema\/logo\/image\/\",\"url\":\"https:\/\/www.lafreheloise.bzh\/wp-content\/uploads\/2021\/12\/Capture-de\u0301cran-2021-12-01-a\u0300-16.52.45-1024x622-2-1.png\",\"contentUrl\":\"https:\/\/www.lafreheloise.bzh\/wp-content\/uploads\/2021\/12\/Capture-de\u0301cran-2021-12-01-a\u0300-16.52.45-1024x622-2-1.png\",\"width\":1024,\"height\":622,\"caption\":\"La Fr\u00e9heloise, brasserie entre C\u00f4te d'Emeraude et C\u00f4te de Penthi\u00e8vre\"},\"image\":{\"@id\":\"https:\/\/www.lafreheloise.bzh\/#\/schema\/logo\/image\/\"},\"sameAs\":[\"https:\/\/www.facebook.com\/Bieres-Frehel\",\"https:\/\/www.instagram.com\/lafreheloise\/\"]},{\"@type\":\"Person\",\"@id\":\"https:\/\/www.lafreheloise.bzh\/#\/schema\/person\/630dd96f2b91b1ce220d6dda79bdf92c\",\"name\":\"Youenn\",\"image\":{\"@type\":\"ImageObject\",\"inLanguage\":\"en-GB\",\"@id\":\"https:\/\/www.lafreheloise.bzh\/#\/schema\/person\/image\/\",\"url\":\"https:\/\/secure.gravatar.com\/avatar\/00da6167f536a93c495c47df9a6a4e2feef69a54d069365140df0603d062e570?s=96&d=mm&r=g\",\"contentUrl\":\"https:\/\/secure.gravatar.com\/avatar\/00da6167f536a93c495c47df9a6a4e2feef69a54d069365140df0603d062e570?s=96&d=mm&r=g\",\"caption\":\"Youenn\"},\"url\":\"https:\/\/www.lafreheloise.bzh\/en\/author\/youennlafreheloise\/\"}]}<\/script>\n<!-- \/ Yoast SEO plugin. -->","yoast_head_json":{"title":"28 Janvier 2022 - c'est parti ! - La Fr\u00e9heloise, micro-brasserie artisanale en C\u00f4tes d&#039;Armor, produisant des bi\u00e8res bretonnes en Bretagne Nord","robots":{"index":"index","follow":"follow","max-snippet":"max-snippet:-1","max-image-preview":"max-image-preview:large","max-video-preview":"max-video-preview:-1"},"canonical":"https:\/\/www.lafreheloise.bzh\/en\/2022\/01\/28\/28-janvier-2022-cest-parti\/","og_locale":"en_GB","og_type":"article","og_title":"28 Janvier 2022 - c'est parti ! - La Fr\u00e9heloise, micro-brasserie artisanale en C\u00f4tes d&#039;Armor, produisant des bi\u00e8res bretonnes en Bretagne Nord","og_description":"Apr\u00e8s quelques travaux pr\u00e9paratoires, l&rsquo;ann\u00e9e 2022 est donc lanc\u00e9e.\u00a0 Et elle commence avec les brassins de bi\u00e8res sp\u00e9ciales notamment. Aujourd&rsquo;hui, c&rsquo;est au tour de la Rouanez Du.","og_url":"https:\/\/www.lafreheloise.bzh\/en\/2022\/01\/28\/28-janvier-2022-cest-parti\/","og_site_name":"La Fr\u00e9heloise, micro-brasserie artisanale en C\u00f4tes d&#039;Armor, produisant des bi\u00e8res bretonnes en Bretagne Nord","article_publisher":"https:\/\/www.facebook.com\/Bieres-Frehel","article_published_time":"2022-01-28T21:23:21+00:00","article_modified_time":"2022-01-31T21:27:09+00:00","og_image":[{"width":2560,"height":1920,"url":"https:\/\/www.lafreheloise.bzh\/wp-content\/uploads\/2022\/01\/IMG_20220126_103311_7-scaled.jpg","type":"image\/jpeg"}],"author":"Youenn","twitter_card":"summary_large_image","twitter_misc":{"Written by":"Youenn"},"schema":{"@context":"https:\/\/schema.org","@graph":[{"@type":"Article","@id":"https:\/\/www.lafreheloise.bzh\/2022\/01\/28\/28-janvier-2022-cest-parti\/#article","isPartOf":{"@id":"https:\/\/www.lafreheloise.bzh\/2022\/01\/28\/28-janvier-2022-cest-parti\/"},"author":{"name":"Youenn","@id":"https:\/\/www.lafreheloise.bzh\/#\/schema\/person\/630dd96f2b91b1ce220d6dda79bdf92c"},"headline":"28 Janvier 2022 &#8211; c&rsquo;est parti !","datePublished":"2022-01-28T21:23:21+00:00","dateModified":"2022-01-31T21:27:09+00:00","mainEntityOfPage":{"@id":"https:\/\/www.lafreheloise.bzh\/2022\/01\/28\/28-janvier-2022-cest-parti\/"},"wordCount":40,"commentCount":0,"publisher":{"@id":"https:\/\/www.lafreheloise.bzh\/#organization"},"image":{"@id":"https:\/\/www.lafreheloise.bzh\/2022\/01\/28\/28-janvier-2022-cest-parti\/#primaryimage"},"thumbnailUrl":"https:\/\/www.lafreheloise.bzh\/wp-content\/uploads\/2022\/01\/IMG_20220126_103311_7-scaled.jpg","articleSection":["Uncategorized"],"inLanguage":"en-GB","potentialAction":[{"@type":"CommentAction","name":"Comment","target":["https:\/\/www.lafreheloise.bzh\/2022\/01\/28\/28-janvier-2022-cest-parti\/#respond"]}]},{"@type":"WebPage","@id":"https:\/\/www.lafreheloise.bzh\/2022\/01\/28\/28-janvier-2022-cest-parti\/","url":"https:\/\/www.lafreheloise.bzh\/2022\/01\/28\/28-janvier-2022-cest-parti\/","name":"28 Janvier 2022 - c'est parti ! - La Fr\u00e9heloise, micro-brasserie artisanale en C\u00f4tes d&#039;Armor, produisant des bi\u00e8res bretonnes en Bretagne Nord","isPartOf":{"@id":"https:\/\/www.lafreheloise.bzh\/#website"},"primaryImageOfPage":{"@id":"https:\/\/www.lafreheloise.bzh\/2022\/01\/28\/28-janvier-2022-cest-parti\/#primaryimage"},"image":{"@id":"https:\/\/www.lafreheloise.bzh\/2022\/01\/28\/28-janvier-2022-cest-parti\/#primaryimage"},"thumbnailUrl":"https:\/\/www.lafreheloise.bzh\/wp-content\/uploads\/2022\/01\/IMG_20220126_103311_7-scaled.jpg","datePublished":"2022-01-28T21:23:21+00:00","dateModified":"2022-01-31T21:27:09+00:00","breadcrumb":{"@id":"https:\/\/www.lafreheloise.bzh\/2022\/01\/28\/28-janvier-2022-cest-parti\/#breadcrumb"},"inLanguage":"en-GB","potentialAction":[{"@type":"ReadAction","target":["https:\/\/www.lafreheloise.bzh\/2022\/01\/28\/28-janvier-2022-cest-parti\/"]}]},{"@type":"ImageObject","inLanguage":"en-GB","@id":"https:\/\/www.lafreheloise.bzh\/2022\/01\/28\/28-janvier-2022-cest-parti\/#primaryimage","url":"https:\/\/www.lafreheloise.bzh\/wp-content\/uploads\/2022\/01\/IMG_20220126_103311_7-scaled.jpg","contentUrl":"https:\/\/www.lafreheloise.bzh\/wp-content\/uploads\/2022\/01\/IMG_20220126_103311_7-scaled.jpg","width":2560,"height":1920},{"@type":"BreadcrumbList","@id":"https:\/\/www.lafreheloise.bzh\/2022\/01\/28\/28-janvier-2022-cest-parti\/#breadcrumb","itemListElement":[{"@type":"ListItem","position":1,"name":"Accueil","item":"https:\/\/www.lafreheloise.bzh\/"},{"@type":"ListItem","position":2,"name":"28 Janvier 2022 &#8211; c&rsquo;est parti !"}]},{"@type":"WebSite","@id":"https:\/\/www.lafreheloise.bzh\/#website","url":"https:\/\/www.lafreheloise.bzh\/","name":"La Fr\u00e9heloise, brasserie entre C\u00f4te d'Emeraude et C\u00f4te de Penthi\u00e8vre","description":"La Fr\u00e9heloise, micro-brasserie artisanale en C\u00f4tes d&#039;Armor, produisant des bi\u00e8res bretonnes en Bretagne Nord","publisher":{"@id":"https:\/\/www.lafreheloise.bzh\/#organization"},"potentialAction":[{"@type":"SearchAction","target":{"@type":"EntryPoint","urlTemplate":"https:\/\/www.lafreheloise.bzh\/?s={search_term_string}"},"query-input":{"@type":"PropertyValueSpecification","valueRequired":true,"valueName":"search_term_string"}}],"inLanguage":"en-GB"},{"@type":"Organization","@id":"https:\/\/www.lafreheloise.bzh\/#organization","name":"La Fr\u00e9heloise, brasserie entre C\u00f4te d'Emeraude et C\u00f4te de Penthi\u00e8vre","url":"https:\/\/www.lafreheloise.bzh\/","logo":{"@type":"ImageObject","inLanguage":"en-GB","@id":"https:\/\/www.lafreheloise.bzh\/#\/schema\/logo\/image\/","url":"https:\/\/www.lafreheloise.bzh\/wp-content\/uploads\/2021\/12\/Capture-de\u0301cran-2021-12-01-a\u0300-16.52.45-1024x622-2-1.png","contentUrl":"https:\/\/www.lafreheloise.bzh\/wp-content\/uploads\/2021\/12\/Capture-de\u0301cran-2021-12-01-a\u0300-16.52.45-1024x622-2-1.png","width":1024,"height":622,"caption":"La Fr\u00e9heloise, brasserie entre C\u00f4te d'Emeraude et C\u00f4te de Penthi\u00e8vre"},"image":{"@id":"https:\/\/www.lafreheloise.bzh\/#\/schema\/logo\/image\/"},"sameAs":["https:\/\/www.facebook.com\/Bieres-Frehel","https:\/\/www.instagram.com\/lafreheloise\/"]},{"@type":"Person","@id":"https:\/\/www.lafreheloise.bzh\/#\/schema\/person\/630dd96f2b91b1ce220d6dda79bdf92c","name":"Youenn","image":{"@type":"ImageObject","inLanguage":"en-GB","@id":"https:\/\/www.lafreheloise.bzh\/#\/schema\/person\/image\/","url":"https:\/\/secure.gravatar.com\/avatar\/00da6167f536a93c495c47df9a6a4e2feef69a54d069365140df0603d062e570?s=96&d=mm&r=g","contentUrl":"https:\/\/secure.gravatar.com\/avatar\/00da6167f536a93c495c47df9a6a4e2feef69a54d069365140df0603d062e570?s=96&d=mm&r=g","caption":"Youenn"},"url":"https:\/\/www.lafreheloise.bzh\/en\/author\/youennlafreheloise\/"}]}},"jetpack_featured_media_url":"https:\/\/www.lafreheloise.bzh\/wp-content\/uploads\/2022\/01\/IMG_20220126_103311_7-scaled.jpg","jetpack_sharing_enabled":true,"_links":{"self":[{"href":"https:\/\/www.lafreheloise.bzh\/en\/wp-json\/wp\/v2\/posts\/1221","targetHints":{"allow":["GET"]}}],"collection":[{"href":"https:\/\/www.lafreheloise.bzh\/en\/wp-json\/wp\/v2\/posts"}],"about":[{"href":"https:\/\/www.lafreheloise.bzh\/en\/wp-json\/wp\/v2\/types\/post"}],"author":[{"embeddable":true,"href":"https:\/\/www.lafreheloise.bzh\/en\/wp-json\/wp\/v2\/users\/4"}],"replies":[{"embeddable":true,"href":"https:\/\/www.lafreheloise.bzh\/en\/wp-json\/wp\/v2\/comments?post=1221"}],"version-history":[{"count":34,"href":"https:\/\/www.lafreheloise.bzh\/en\/wp-json\/wp\/v2\/posts\/1221\/revisions"}],"predecessor-version":[{"id":1258,"href":"https:\/\/www.lafreheloise.bzh\/en\/wp-json\/wp\/v2\/posts\/1221\/revisions\/1258"}],"wp:featuredmedia":[{"embeddable":true,"href":"https:\/\/www.lafreheloise.bzh\/en\/wp-json\/wp\/v2\/media\/1223"}],"wp:attachment":[{"href":"https:\/\/www.lafreheloise.bzh\/en\/wp-json\/wp\/v2\/media?parent=1221"}],"wp:term":[{"taxonomy":"category","embeddable":true,"href":"https:\/\/www.lafreheloise.bzh\/en\/wp-json\/wp\/v2\/categories?post=1221"},{"taxonomy":"post_tag","embeddable":true,"href":"https:\/\/www.lafreheloise.bzh\/en\/wp-json\/wp\/v2\/tags?post=1221"}],"curies":[{"name":"wp","href":"https:\/\/api.w.org\/{rel}","templated":true}]}}