{"id":1,"date":"2021-11-17T14:48:11","date_gmt":"2021-11-17T14:48:11","guid":{"rendered":"https:\/\/www.lafreheloise.bzh\/?p=1"},"modified":"2022-01-12T22:20:02","modified_gmt":"2022-01-12T22:20:02","slug":"hello-world","status":"publish","type":"post","link":"https:\/\/www.lafreheloise.bzh\/en\/2021\/11\/17\/hello-world\/","title":{"rendered":"15\/01\/2022 &#8211; Lancement du site Lafreheloise.bzh"},"content":{"rendered":"<div>\r\n<p><b>L&rsquo;ann\u00e9e 2022 commence donc par le lancement de notre site Web.<\/b><\/p>\r\n<\/div>\r\n<p>Nous esp\u00e8rons que la navigation sur ce site vous sera agr\u00e9able, et que vous y trouverez de quoi satisfaire votre curiosit\u00e9.<\/p>\r\n<p>\u00a0A bient\u00f4t<\/p>\r\n<p>&nbsp;<\/p>\r\n<p><!--more--><\/p>\r\n<p><img fetchpriority=\"high\" decoding=\"async\" class=\"wp-image-164 aligncenter\" src=\"https:\/\/www.lafreheloise.bzh\/wp-content\/uploads\/2021\/12\/BIO-HERBE--300x199.jpg\" alt=\"\" width=\"452\" height=\"300\" srcset=\"https:\/\/www.lafreheloise.bzh\/wp-content\/uploads\/2021\/12\/BIO-HERBE--300x199.jpg 300w, https:\/\/www.lafreheloise.bzh\/wp-content\/uploads\/2021\/12\/BIO-HERBE--600x398.jpg 600w, https:\/\/www.lafreheloise.bzh\/wp-content\/uploads\/2021\/12\/BIO-HERBE--1024x679.jpg 1024w, https:\/\/www.lafreheloise.bzh\/wp-content\/uploads\/2021\/12\/BIO-HERBE--768x509.jpg 768w, https:\/\/www.lafreheloise.bzh\/wp-content\/uploads\/2021\/12\/BIO-HERBE--1536x1019.jpg 1536w, https:\/\/www.lafreheloise.bzh\/wp-content\/uploads\/2021\/12\/BIO-HERBE--2048x1358.jpg 2048w, https:\/\/www.lafreheloise.bzh\/wp-content\/uploads\/2021\/12\/BIO-HERBE--1568x1040.jpg 1568w\" sizes=\"(max-width: 452px) 100vw, 452px\" \/><\/p>\r\n<div>\r\n<div>\r\n<p>&nbsp;<\/p>\r\n<\/div>\r\n<div>\u00a0<\/div>\r\n<\/div>","protected":false},"excerpt":{"rendered":"<p>L&rsquo;ann\u00e9e 2022 commence donc par le lancement de notre site Web. Nous esp\u00e8rons que la navigation sur ce site vous sera agr\u00e9able, et que vous y trouverez de quoi satisfaire votre curiosit\u00e9. \u00a0A bient\u00f4t &nbsp;<\/p>","protected":false},"author":1,"featured_media":164,"comment_status":"open","ping_status":"open","sticky":false,"template":"","format":"standard","meta":{"jetpack_post_was_ever_published":false,"_jetpack_newsletter_access":"","_jetpack_dont_email_post_to_subs":false,"_jetpack_newsletter_tier_id":0,"_jetpack_memberships_contains_paywalled_content":false,"_jetpack_memberships_contains_paid_content":false,"footnotes":""},"categories":[1],"tags":[],"class_list":["post-1","post","type-post","status-publish","format-standard","has-post-thumbnail","hentry","category-uncategorized"],"yoast_head":"<!-- This site is optimized with the Yoast SEO plugin v26.6 - https:\/\/yoast.com\/wordpress\/plugins\/seo\/ -->\n<title>15\/01\/2022 - Lancement du site Lafreheloise.bzh - La Fr\u00e9heloise, micro-brasserie artisanale en C\u00f4tes d&#039;Armor, produisant des bi\u00e8res bretonnes en Bretagne Nord<\/title>\n<meta name=\"robots\" content=\"index, follow, max-snippet:-1, max-image-preview:large, max-video-preview:-1\" \/>\n<link rel=\"canonical\" href=\"https:\/\/www.lafreheloise.bzh\/en\/2021\/11\/17\/hello-world\/\" \/>\n<meta property=\"og:locale\" content=\"en_GB\" \/>\n<meta property=\"og:type\" content=\"article\" \/>\n<meta property=\"og:title\" content=\"15\/01\/2022 - Lancement du site Lafreheloise.bzh - La Fr\u00e9heloise, micro-brasserie artisanale en C\u00f4tes d&#039;Armor, produisant des bi\u00e8res bretonnes en Bretagne Nord\" \/>\n<meta property=\"og:description\" content=\"L&rsquo;ann\u00e9e 2022 commence donc par le lancement de notre site Web. Nous esp\u00e8rons que la navigation sur ce site vous sera agr\u00e9able, et que vous y trouverez de quoi satisfaire votre curiosit\u00e9. \u00a0A bient\u00f4t &nbsp;\" \/>\n<meta property=\"og:url\" content=\"https:\/\/www.lafreheloise.bzh\/en\/2021\/11\/17\/hello-world\/\" \/>\n<meta property=\"og:site_name\" content=\"La Fr\u00e9heloise, micro-brasserie artisanale en C\u00f4tes d&#039;Armor, produisant des bi\u00e8res bretonnes en Bretagne Nord\" \/>\n<meta property=\"article:publisher\" content=\"https:\/\/www.facebook.com\/Bieres-Frehel\" \/>\n<meta property=\"article:published_time\" content=\"2021-11-17T14:48:11+00:00\" \/>\n<meta property=\"article:modified_time\" content=\"2022-01-12T22:20:02+00:00\" \/>\n<meta property=\"og:image\" content=\"https:\/\/www.lafreheloise.bzh\/wp-content\/uploads\/2021\/12\/BIO-HERBE-.jpg\" \/>\n\t<meta property=\"og:image:width\" content=\"2256\" \/>\n\t<meta property=\"og:image:height\" content=\"1496\" \/>\n\t<meta property=\"og:image:type\" content=\"image\/jpeg\" \/>\n<meta name=\"author\" content=\"lafreheloise\" \/>\n<meta name=\"twitter:card\" content=\"summary_large_image\" \/>\n<meta name=\"twitter:label1\" content=\"Written by\" \/>\n\t<meta name=\"twitter:data1\" content=\"lafreheloise\" \/>\n<script type=\"application\/ld+json\" class=\"yoast-schema-graph\">{\"@context\":\"https:\/\/schema.org\",\"@graph\":[{\"@type\":\"Article\",\"@id\":\"https:\/\/www.lafreheloise.bzh\/2021\/11\/17\/hello-world\/#article\",\"isPartOf\":{\"@id\":\"https:\/\/www.lafreheloise.bzh\/2021\/11\/17\/hello-world\/\"},\"author\":{\"name\":\"lafreheloise\",\"@id\":\"https:\/\/www.lafreheloise.bzh\/#\/schema\/person\/6765f0d1ec59b443b4ed3844af4ced13\"},\"headline\":\"15\/01\/2022 &#8211; Lancement du site Lafreheloise.bzh\",\"datePublished\":\"2021-11-17T14:48:11+00:00\",\"dateModified\":\"2022-01-12T22:20:02+00:00\",\"mainEntityOfPage\":{\"@id\":\"https:\/\/www.lafreheloise.bzh\/2021\/11\/17\/hello-world\/\"},\"wordCount\":46,\"commentCount\":1,\"publisher\":{\"@id\":\"https:\/\/www.lafreheloise.bzh\/#organization\"},\"image\":{\"@id\":\"https:\/\/www.lafreheloise.bzh\/2021\/11\/17\/hello-world\/#primaryimage\"},\"thumbnailUrl\":\"https:\/\/www.lafreheloise.bzh\/wp-content\/uploads\/2021\/12\/BIO-HERBE-.jpg\",\"articleSection\":[\"Uncategorized\"],\"inLanguage\":\"en-GB\",\"potentialAction\":[{\"@type\":\"CommentAction\",\"name\":\"Comment\",\"target\":[\"https:\/\/www.lafreheloise.bzh\/2021\/11\/17\/hello-world\/#respond\"]}]},{\"@type\":\"WebPage\",\"@id\":\"https:\/\/www.lafreheloise.bzh\/2021\/11\/17\/hello-world\/\",\"url\":\"https:\/\/www.lafreheloise.bzh\/2021\/11\/17\/hello-world\/\",\"name\":\"15\/01\/2022 - Lancement du site Lafreheloise.bzh - La Fr\u00e9heloise, micro-brasserie artisanale en C\u00f4tes d&#039;Armor, produisant des bi\u00e8res bretonnes en Bretagne Nord\",\"isPartOf\":{\"@id\":\"https:\/\/www.lafreheloise.bzh\/#website\"},\"primaryImageOfPage\":{\"@id\":\"https:\/\/www.lafreheloise.bzh\/2021\/11\/17\/hello-world\/#primaryimage\"},\"image\":{\"@id\":\"https:\/\/www.lafreheloise.bzh\/2021\/11\/17\/hello-world\/#primaryimage\"},\"thumbnailUrl\":\"https:\/\/www.lafreheloise.bzh\/wp-content\/uploads\/2021\/12\/BIO-HERBE-.jpg\",\"datePublished\":\"2021-11-17T14:48:11+00:00\",\"dateModified\":\"2022-01-12T22:20:02+00:00\",\"breadcrumb\":{\"@id\":\"https:\/\/www.lafreheloise.bzh\/2021\/11\/17\/hello-world\/#breadcrumb\"},\"inLanguage\":\"en-GB\",\"potentialAction\":[{\"@type\":\"ReadAction\",\"target\":[\"https:\/\/www.lafreheloise.bzh\/2021\/11\/17\/hello-world\/\"]}]},{\"@type\":\"ImageObject\",\"inLanguage\":\"en-GB\",\"@id\":\"https:\/\/www.lafreheloise.bzh\/2021\/11\/17\/hello-world\/#primaryimage\",\"url\":\"https:\/\/www.lafreheloise.bzh\/wp-content\/uploads\/2021\/12\/BIO-HERBE-.jpg\",\"contentUrl\":\"https:\/\/www.lafreheloise.bzh\/wp-content\/uploads\/2021\/12\/BIO-HERBE-.jpg\",\"width\":2256,\"height\":1496},{\"@type\":\"BreadcrumbList\",\"@id\":\"https:\/\/www.lafreheloise.bzh\/2021\/11\/17\/hello-world\/#breadcrumb\",\"itemListElement\":[{\"@type\":\"ListItem\",\"position\":1,\"name\":\"Accueil\",\"item\":\"https:\/\/www.lafreheloise.bzh\/\"},{\"@type\":\"ListItem\",\"position\":2,\"name\":\"15\/01\/2022 &#8211; Lancement du site Lafreheloise.bzh\"}]},{\"@type\":\"WebSite\",\"@id\":\"https:\/\/www.lafreheloise.bzh\/#website\",\"url\":\"https:\/\/www.lafreheloise.bzh\/\",\"name\":\"La Fr\u00e9heloise, brasserie entre C\u00f4te d'Emeraude et C\u00f4te de Penthi\u00e8vre\",\"description\":\"La Fr\u00e9heloise, micro-brasserie artisanale en C\u00f4tes d&#039;Armor, produisant des bi\u00e8res bretonnes en Bretagne Nord\",\"publisher\":{\"@id\":\"https:\/\/www.lafreheloise.bzh\/#organization\"},\"potentialAction\":[{\"@type\":\"SearchAction\",\"target\":{\"@type\":\"EntryPoint\",\"urlTemplate\":\"https:\/\/www.lafreheloise.bzh\/?s={search_term_string}\"},\"query-input\":{\"@type\":\"PropertyValueSpecification\",\"valueRequired\":true,\"valueName\":\"search_term_string\"}}],\"inLanguage\":\"en-GB\"},{\"@type\":\"Organization\",\"@id\":\"https:\/\/www.lafreheloise.bzh\/#organization\",\"name\":\"La Fr\u00e9heloise, brasserie entre C\u00f4te d'Emeraude et C\u00f4te de Penthi\u00e8vre\",\"url\":\"https:\/\/www.lafreheloise.bzh\/\",\"logo\":{\"@type\":\"ImageObject\",\"inLanguage\":\"en-GB\",\"@id\":\"https:\/\/www.lafreheloise.bzh\/#\/schema\/logo\/image\/\",\"url\":\"https:\/\/www.lafreheloise.bzh\/wp-content\/uploads\/2021\/12\/Capture-de\u0301cran-2021-12-01-a\u0300-16.52.45-1024x622-2-1.png\",\"contentUrl\":\"https:\/\/www.lafreheloise.bzh\/wp-content\/uploads\/2021\/12\/Capture-de\u0301cran-2021-12-01-a\u0300-16.52.45-1024x622-2-1.png\",\"width\":1024,\"height\":622,\"caption\":\"La Fr\u00e9heloise, brasserie entre C\u00f4te d'Emeraude et C\u00f4te de Penthi\u00e8vre\"},\"image\":{\"@id\":\"https:\/\/www.lafreheloise.bzh\/#\/schema\/logo\/image\/\"},\"sameAs\":[\"https:\/\/www.facebook.com\/Bieres-Frehel\",\"https:\/\/www.instagram.com\/lafreheloise\/\"]},{\"@type\":\"Person\",\"@id\":\"https:\/\/www.lafreheloise.bzh\/#\/schema\/person\/6765f0d1ec59b443b4ed3844af4ced13\",\"name\":\"lafreheloise\",\"image\":{\"@type\":\"ImageObject\",\"inLanguage\":\"en-GB\",\"@id\":\"https:\/\/www.lafreheloise.bzh\/#\/schema\/person\/image\/\",\"url\":\"https:\/\/secure.gravatar.com\/avatar\/9ae6fa21437d1cc886cd3308e49fbc8f13c7691a5b3c26a835058bbebf176d7d?s=96&d=mm&r=g\",\"contentUrl\":\"https:\/\/secure.gravatar.com\/avatar\/9ae6fa21437d1cc886cd3308e49fbc8f13c7691a5b3c26a835058bbebf176d7d?s=96&d=mm&r=g\",\"caption\":\"lafreheloise\"},\"sameAs\":[\"https:\/\/www.lafreheloise.bzh\"],\"url\":\"https:\/\/www.lafreheloise.bzh\/en\/author\/lafreheloise\/\"}]}<\/script>\n<!-- \/ Yoast SEO plugin. -->","yoast_head_json":{"title":"15\/01\/2022 - Lancement du site Lafreheloise.bzh - La Fr\u00e9heloise, micro-brasserie artisanale en C\u00f4tes d&#039;Armor, produisant des bi\u00e8res bretonnes en Bretagne Nord","robots":{"index":"index","follow":"follow","max-snippet":"max-snippet:-1","max-image-preview":"max-image-preview:large","max-video-preview":"max-video-preview:-1"},"canonical":"https:\/\/www.lafreheloise.bzh\/en\/2021\/11\/17\/hello-world\/","og_locale":"en_GB","og_type":"article","og_title":"15\/01\/2022 - Lancement du site Lafreheloise.bzh - La Fr\u00e9heloise, micro-brasserie artisanale en C\u00f4tes d&#039;Armor, produisant des bi\u00e8res bretonnes en Bretagne Nord","og_description":"L&rsquo;ann\u00e9e 2022 commence donc par le lancement de notre site Web. Nous esp\u00e8rons que la navigation sur ce site vous sera agr\u00e9able, et que vous y trouverez de quoi satisfaire votre curiosit\u00e9. \u00a0A bient\u00f4t &nbsp;","og_url":"https:\/\/www.lafreheloise.bzh\/en\/2021\/11\/17\/hello-world\/","og_site_name":"La Fr\u00e9heloise, micro-brasserie artisanale en C\u00f4tes d&#039;Armor, produisant des bi\u00e8res bretonnes en Bretagne Nord","article_publisher":"https:\/\/www.facebook.com\/Bieres-Frehel","article_published_time":"2021-11-17T14:48:11+00:00","article_modified_time":"2022-01-12T22:20:02+00:00","og_image":[{"width":2256,"height":1496,"url":"https:\/\/www.lafreheloise.bzh\/wp-content\/uploads\/2021\/12\/BIO-HERBE-.jpg","type":"image\/jpeg"}],"author":"lafreheloise","twitter_card":"summary_large_image","twitter_misc":{"Written by":"lafreheloise"},"schema":{"@context":"https:\/\/schema.org","@graph":[{"@type":"Article","@id":"https:\/\/www.lafreheloise.bzh\/2021\/11\/17\/hello-world\/#article","isPartOf":{"@id":"https:\/\/www.lafreheloise.bzh\/2021\/11\/17\/hello-world\/"},"author":{"name":"lafreheloise","@id":"https:\/\/www.lafreheloise.bzh\/#\/schema\/person\/6765f0d1ec59b443b4ed3844af4ced13"},"headline":"15\/01\/2022 &#8211; Lancement du site Lafreheloise.bzh","datePublished":"2021-11-17T14:48:11+00:00","dateModified":"2022-01-12T22:20:02+00:00","mainEntityOfPage":{"@id":"https:\/\/www.lafreheloise.bzh\/2021\/11\/17\/hello-world\/"},"wordCount":46,"commentCount":1,"publisher":{"@id":"https:\/\/www.lafreheloise.bzh\/#organization"},"image":{"@id":"https:\/\/www.lafreheloise.bzh\/2021\/11\/17\/hello-world\/#primaryimage"},"thumbnailUrl":"https:\/\/www.lafreheloise.bzh\/wp-content\/uploads\/2021\/12\/BIO-HERBE-.jpg","articleSection":["Uncategorized"],"inLanguage":"en-GB","potentialAction":[{"@type":"CommentAction","name":"Comment","target":["https:\/\/www.lafreheloise.bzh\/2021\/11\/17\/hello-world\/#respond"]}]},{"@type":"WebPage","@id":"https:\/\/www.lafreheloise.bzh\/2021\/11\/17\/hello-world\/","url":"https:\/\/www.lafreheloise.bzh\/2021\/11\/17\/hello-world\/","name":"15\/01\/2022 - Lancement du site Lafreheloise.bzh - La Fr\u00e9heloise, micro-brasserie artisanale en C\u00f4tes d&#039;Armor, produisant des bi\u00e8res bretonnes en Bretagne Nord","isPartOf":{"@id":"https:\/\/www.lafreheloise.bzh\/#website"},"primaryImageOfPage":{"@id":"https:\/\/www.lafreheloise.bzh\/2021\/11\/17\/hello-world\/#primaryimage"},"image":{"@id":"https:\/\/www.lafreheloise.bzh\/2021\/11\/17\/hello-world\/#primaryimage"},"thumbnailUrl":"https:\/\/www.lafreheloise.bzh\/wp-content\/uploads\/2021\/12\/BIO-HERBE-.jpg","datePublished":"2021-11-17T14:48:11+00:00","dateModified":"2022-01-12T22:20:02+00:00","breadcrumb":{"@id":"https:\/\/www.lafreheloise.bzh\/2021\/11\/17\/hello-world\/#breadcrumb"},"inLanguage":"en-GB","potentialAction":[{"@type":"ReadAction","target":["https:\/\/www.lafreheloise.bzh\/2021\/11\/17\/hello-world\/"]}]},{"@type":"ImageObject","inLanguage":"en-GB","@id":"https:\/\/www.lafreheloise.bzh\/2021\/11\/17\/hello-world\/#primaryimage","url":"https:\/\/www.lafreheloise.bzh\/wp-content\/uploads\/2021\/12\/BIO-HERBE-.jpg","contentUrl":"https:\/\/www.lafreheloise.bzh\/wp-content\/uploads\/2021\/12\/BIO-HERBE-.jpg","width":2256,"height":1496},{"@type":"BreadcrumbList","@id":"https:\/\/www.lafreheloise.bzh\/2021\/11\/17\/hello-world\/#breadcrumb","itemListElement":[{"@type":"ListItem","position":1,"name":"Accueil","item":"https:\/\/www.lafreheloise.bzh\/"},{"@type":"ListItem","position":2,"name":"15\/01\/2022 &#8211; Lancement du site Lafreheloise.bzh"}]},{"@type":"WebSite","@id":"https:\/\/www.lafreheloise.bzh\/#website","url":"https:\/\/www.lafreheloise.bzh\/","name":"La Fr\u00e9heloise, brasserie entre C\u00f4te d'Emeraude et C\u00f4te de Penthi\u00e8vre","description":"La Fr\u00e9heloise, micro-brasserie artisanale en C\u00f4tes d&#039;Armor, produisant des bi\u00e8res bretonnes en Bretagne Nord","publisher":{"@id":"https:\/\/www.lafreheloise.bzh\/#organization"},"potentialAction":[{"@type":"SearchAction","target":{"@type":"EntryPoint","urlTemplate":"https:\/\/www.lafreheloise.bzh\/?s={search_term_string}"},"query-input":{"@type":"PropertyValueSpecification","valueRequired":true,"valueName":"search_term_string"}}],"inLanguage":"en-GB"},{"@type":"Organization","@id":"https:\/\/www.lafreheloise.bzh\/#organization","name":"La Fr\u00e9heloise, brasserie entre C\u00f4te d'Emeraude et C\u00f4te de Penthi\u00e8vre","url":"https:\/\/www.lafreheloise.bzh\/","logo":{"@type":"ImageObject","inLanguage":"en-GB","@id":"https:\/\/www.lafreheloise.bzh\/#\/schema\/logo\/image\/","url":"https:\/\/www.lafreheloise.bzh\/wp-content\/uploads\/2021\/12\/Capture-de\u0301cran-2021-12-01-a\u0300-16.52.45-1024x622-2-1.png","contentUrl":"https:\/\/www.lafreheloise.bzh\/wp-content\/uploads\/2021\/12\/Capture-de\u0301cran-2021-12-01-a\u0300-16.52.45-1024x622-2-1.png","width":1024,"height":622,"caption":"La Fr\u00e9heloise, brasserie entre C\u00f4te d'Emeraude et C\u00f4te de Penthi\u00e8vre"},"image":{"@id":"https:\/\/www.lafreheloise.bzh\/#\/schema\/logo\/image\/"},"sameAs":["https:\/\/www.facebook.com\/Bieres-Frehel","https:\/\/www.instagram.com\/lafreheloise\/"]},{"@type":"Person","@id":"https:\/\/www.lafreheloise.bzh\/#\/schema\/person\/6765f0d1ec59b443b4ed3844af4ced13","name":"lafreheloise","image":{"@type":"ImageObject","inLanguage":"en-GB","@id":"https:\/\/www.lafreheloise.bzh\/#\/schema\/person\/image\/","url":"https:\/\/secure.gravatar.com\/avatar\/9ae6fa21437d1cc886cd3308e49fbc8f13c7691a5b3c26a835058bbebf176d7d?s=96&d=mm&r=g","contentUrl":"https:\/\/secure.gravatar.com\/avatar\/9ae6fa21437d1cc886cd3308e49fbc8f13c7691a5b3c26a835058bbebf176d7d?s=96&d=mm&r=g","caption":"lafreheloise"},"sameAs":["https:\/\/www.lafreheloise.bzh"],"url":"https:\/\/www.lafreheloise.bzh\/en\/author\/lafreheloise\/"}]}},"jetpack_featured_media_url":"https:\/\/www.lafreheloise.bzh\/wp-content\/uploads\/2021\/12\/BIO-HERBE-.jpg","jetpack_sharing_enabled":true,"_links":{"self":[{"href":"https:\/\/www.lafreheloise.bzh\/en\/wp-json\/wp\/v2\/posts\/1","targetHints":{"allow":["GET"]}}],"collection":[{"href":"https:\/\/www.lafreheloise.bzh\/en\/wp-json\/wp\/v2\/posts"}],"about":[{"href":"https:\/\/www.lafreheloise.bzh\/en\/wp-json\/wp\/v2\/types\/post"}],"author":[{"embeddable":true,"href":"https:\/\/www.lafreheloise.bzh\/en\/wp-json\/wp\/v2\/users\/1"}],"replies":[{"embeddable":true,"href":"https:\/\/www.lafreheloise.bzh\/en\/wp-json\/wp\/v2\/comments?post=1"}],"version-history":[{"count":3,"href":"https:\/\/www.lafreheloise.bzh\/en\/wp-json\/wp\/v2\/posts\/1\/revisions"}],"predecessor-version":[{"id":931,"href":"https:\/\/www.lafreheloise.bzh\/en\/wp-json\/wp\/v2\/posts\/1\/revisions\/931"}],"wp:featuredmedia":[{"embeddable":true,"href":"https:\/\/www.lafreheloise.bzh\/en\/wp-json\/wp\/v2\/media\/164"}],"wp:attachment":[{"href":"https:\/\/www.lafreheloise.bzh\/en\/wp-json\/wp\/v2\/media?parent=1"}],"wp:term":[{"taxonomy":"category","embeddable":true,"href":"https:\/\/www.lafreheloise.bzh\/en\/wp-json\/wp\/v2\/categories?post=1"},{"taxonomy":"post_tag","embeddable":true,"href":"https:\/\/www.lafreheloise.bzh\/en\/wp-json\/wp\/v2\/tags?post=1"}],"curies":[{"name":"wp","href":"https:\/\/api.w.org\/{rel}","templated":true}]}}